{"id":9099,"date":"2010-04-09T19:41:00","date_gmt":"2010-04-09T19:41:00","guid":{"rendered":"https:\/\/afe.epicenter1.com\/?post_type=news&#038;p=9099"},"modified":"2024-03-18T21:39:38","modified_gmt":"2024-03-18T21:39:38","slug":"tributo-memorial-a-ernesto-velez-establecido-2","status":"publish","type":"news","link":"https:\/\/endowment.org\/es\/news\/ernesto-velez-memorial-tribute-established-2","title":{"rendered":"Homenaje memorial a Ernesto V\u00e9lez establecido"},"content":{"rendered":"<div\n\tid=\"block_cd03adf615d65f35754a6e15089a9534\"\n\tclass=\"nmc-block nmc-block--half-half alignfull  half-half   alignfull\">\n\t  <div class=\"bound boundwide\">\n    <div class=\"wrap\">\n      <div class=\"image\">\n                                                \n    <div class=\"img-variable\" style=\"width: 251px; aspect-ratio: 251 \/ 188;\">\n        <img decoding=\"async\" src=\"https:\/\/endowment.org\/wp-content\/uploads\/2024\/02\/Ernesto_Velez.png\" width=\"251\" height=\"188\" alt=\"\" loading=\"lazy\">\n    <\/div>\n          <svg xmlns=\"http:\/\/www.w3.org\/2000\/svg\" width=\"15\" height=\"15\" viewbox=\"0 0 15 15\" fill=\"none\" role=\"img\" aria-hidden=\"true\" focusable=\"false\"><title>externo<\/title>\n<path fill-rule=\"evenodd\" clip-rule=\"evenodd\" d=\"M1.88345 13.1241H13.124V8.24662H15V15H0V0H6.75338V1.87594H1.88345V13.1241ZM8.25152 1.87594V0H14.9974V6.74587H13.1215V3.2041L8.16152 8.16405L6.84082 6.83592L11.7933 1.87594H8.25152Z\" fill=\"white\"\/>\n<\/svg>        \n              <\/div>\n      <div class=\"content\">\n                <div class=\"text\"><p>Para honrar a Ernesto Velez, se ha creado un tributo conmemorativo dentro de la AFE. Velez, miembro del patronato de la AFE desde 2004, falleci\u00f3 el 21 de marzo de 2010.<\/p>\n<p>El presidente de la junta directiva de AFE, Red Kennicott, estableci\u00f3 el homenaje para honrar el profundo compromiso de V\u00e9lez y su labor en la creaci\u00f3n de un \u201cpuente importante de comunicaci\u00f3n y entendimiento entre los cultivadores de Colombia y toda la industria floral en los EE. UU.\u201d<\/p>\n<p>\u201cErnesto fue siempre un firme defensor de la investigaci\u00f3n financiada por AFE\u201d, dijo Kennicott, de Kennicott Brothers en Chicago. \u201cLo que hizo que Ernesto fuera especial fue su gran pasi\u00f3n por tantas cosas diferentes: la calidad de las flores que cultivaba, la industria floricultora y su comunidad de personas, su familia y su pa\u00eds. La industria floricultora no ser\u00e1 la misma sin Ernesto\u00bb.<\/p>\n<\/div>\n        <div class=\"buttons\">\n                            <\/div>\n        \n      <\/div>\n    <\/div>\n  <\/div>\n<\/div>\n\n\n<p class=\"wp-block-paragraph\">Su muerte deja a la industria sin su primer y m\u00e1s ferviente defensor de la simple creencia de que la tierra en la que crecen tus flores y las personas que las cultivan merecen respeto y protecci\u00f3n. Como presidente de Asocolflores durante un n\u00famero sin precedentes de siete per\u00edodos, V\u00e9lez comparti\u00f3 esa filosof\u00eda de responsabilidad social y gesti\u00f3n ambiental mientras promov\u00eda incansablemente las flores y a los floricultores colombianos.<\/p>\n\n\n\n<p class=\"wp-block-paragraph\">V\u00e9lez era igualmente apasionado al hablar y trabajar con su esposa, Lucie. Juntos encabezaron la creaci\u00f3n e implementaci\u00f3n del programa Florverde. Las flores con la etiqueta Florverde llevan la garant\u00eda de que se han cultivado en condiciones que cumplen con los m\u00e1s altos est\u00e1ndares sociales y ambientales.<\/p>\n\n\n\n<p class=\"wp-block-paragraph\">\u201cErnesto dedic\u00f3 la mayor parte de su tiempo a Asocolflores... impulsando ideas y presentando propuestas. \u00c9l represent\u00f3 a Asocolflores con gran dignidad tanto a nivel nacional como internacional, dijo Augusto Solano, presidente de Asocolflores. El fallecimiento de Ernesto representa una p\u00e9rdida irreparable, no solo para su familia, sino tambi\u00e9n para Asocolflores y la floricultura colombiana.\u201c<\/p>\n\n\n\n<p class=\"wp-block-paragraph\">V\u00e9lez form\u00f3 parte de los comit\u00e9s de investigaci\u00f3n de producci\u00f3n y postcosecha y de relaciones p\u00fablicas.<\/p>\n\n\n\n\n<div class=\"nmc-buttons aligncenter  buttons   aligncenter\" id=\"block_86c463fee0e364ccffca4ab25a6ae58b\">\n\t\t\t<a href=\"https:\/\/endowment.networkforgood.com\/projects\/71074-donate-to-afe\" class=\"btn\" target=\"_blank\">Haz una contribuci\u00f3n<\/a>\t<\/div>\n\n\n<p class=\"wp-block-paragraph\"><strong>o env\u00ede un cheque a:<\/strong><br><strong>Fundaci\u00f3n Floral Americana<br>c\/o Homenaje Memorial a Ernesto Velez<br><strong>610 Madison Street, Ste. 101, PMB 803<br>Alexandria, VA 22314<\/strong><\/strong><\/p>\n\n\n\n<p class=\"wp-block-paragraph\"><em>AFE es una organizaci\u00f3n sin \u00e1nimo de lucro y todas las aportaciones son deducibles de impuestos. Siempre se informa a la familia de cualquier aportaci\u00f3n. Los homenajes conmemorativos son una forma de recordar y honrar a los miembros del sector, a familiares y amigos de una manera especial y duradera. Una aportaci\u00f3n de $1.000 permite crear un homenaje. Una vez creado, se pueden realizar aportaciones por cualquier importe.<\/em><\/p>","protected":false},"template":"","news-categories":[32,31,48,29],"class_list":["post-9099","news","type-news","status-publish","hentry","news-categories-donors","news-categories-latest-news","news-categories-memorials","news-categories-news"],"acf":[],"yoast_head":"<!-- This site is optimized with the Yoast SEO plugin v28.4 - https:\/\/yoast.com\/product\/yoast-seo-wordpress\/ -->\n<title>Ernesto Velez Memorial Tribute Established - American Floral Endowment<\/title>\n<meta name=\"robots\" content=\"index, follow, max-snippet:-1, max-image-preview:large, max-video-preview:-1\" \/>\n<link rel=\"canonical\" href=\"https:\/\/endowment.org\/es\/noticias\/tributo-memorial-a-ernesto-velez-establecido-2\/\" \/>\n<meta property=\"og:locale\" content=\"es_ES\" \/>\n<meta property=\"og:type\" content=\"article\" \/>\n<meta property=\"og:title\" content=\"Ernesto Velez Memorial Tribute Established - American Floral Endowment\" \/>\n<meta property=\"og:description\" content=\"His death leaves the industry without its earliest and most vocal champion of the simple belief that the land on which your flowers grow and the people who grow deserve respect and protection. As Chairman of Asocolflores for an unprecedented seven terms, Velez shared that philosophy of social responsibility and environmental stewardship as he tirelessly [&hellip;]\" \/>\n<meta property=\"og:url\" content=\"https:\/\/endowment.org\/es\/noticias\/tributo-memorial-a-ernesto-velez-establecido-2\/\" \/>\n<meta property=\"og:site_name\" content=\"American Floral Endowment\" \/>\n<meta property=\"article:modified_time\" content=\"2024-03-18T21:39:38+00:00\" \/>\n<meta name=\"twitter:card\" content=\"summary_large_image\" \/>\n<meta name=\"twitter:label1\" content=\"Est. reading time\" \/>\n\t<meta name=\"twitter:data1\" content=\"1 minute\" \/>\n<script type=\"application\/ld+json\" class=\"yoast-schema-graph\">{\"@context\":\"https:\\\/\\\/schema.org\",\"@graph\":[{\"@type\":\"WebPage\",\"@id\":\"https:\\\/\\\/endowment.org\\\/news\\\/ernesto-velez-memorial-tribute-established-2\\\/\",\"url\":\"https:\\\/\\\/endowment.org\\\/news\\\/ernesto-velez-memorial-tribute-established-2\\\/\",\"name\":\"Ernesto Velez Memorial Tribute Established - American Floral Endowment\",\"isPartOf\":{\"@id\":\"https:\\\/\\\/endowment.org\\\/#website\"},\"datePublished\":\"2010-04-09T19:41:00+00:00\",\"dateModified\":\"2024-03-18T21:39:38+00:00\",\"breadcrumb\":{\"@id\":\"https:\\\/\\\/endowment.org\\\/news\\\/ernesto-velez-memorial-tribute-established-2\\\/#breadcrumb\"},\"inLanguage\":\"es-ES\",\"potentialAction\":[{\"@type\":\"ReadAction\",\"target\":[\"https:\\\/\\\/endowment.org\\\/news\\\/ernesto-velez-memorial-tribute-established-2\\\/\"]}]},{\"@type\":\"BreadcrumbList\",\"@id\":\"https:\\\/\\\/endowment.org\\\/news\\\/ernesto-velez-memorial-tribute-established-2\\\/#breadcrumb\",\"itemListElement\":[{\"@type\":\"ListItem\",\"position\":1,\"name\":\"Home\",\"item\":\"https:\\\/\\\/endowment.org\\\/\"},{\"@type\":\"ListItem\",\"position\":2,\"name\":\"Ernesto Velez Memorial Tribute Established\"}]},{\"@type\":\"WebSite\",\"@id\":\"https:\\\/\\\/endowment.org\\\/#website\",\"url\":\"https:\\\/\\\/endowment.org\\\/\",\"name\":\"American Floral Endowment\",\"description\":\"Funding the Future of Floriculture\",\"potentialAction\":[{\"@type\":\"SearchAction\",\"target\":{\"@type\":\"EntryPoint\",\"urlTemplate\":\"https:\\\/\\\/endowment.org\\\/?s={search_term_string}\"},\"query-input\":{\"@type\":\"PropertyValueSpecification\",\"valueRequired\":true,\"valueName\":\"search_term_string\"}}],\"inLanguage\":\"es-ES\"}]}<\/script>\n<!-- \/ Yoast SEO plugin. -->","yoast_head_json":{"title":"Establecido Homenaje Memorial a Ernesto Velez - American Floral Endowment","robots":{"index":"index","follow":"follow","max-snippet":"max-snippet:-1","max-image-preview":"max-image-preview:large","max-video-preview":"max-video-preview:-1"},"canonical":"https:\/\/endowment.org\/es\/noticias\/tributo-memorial-a-ernesto-velez-establecido-2\/","og_locale":"es_ES","og_type":"article","og_title":"Ernesto Velez Memorial Tribute Established - American Floral Endowment","og_description":"His death leaves the industry without its earliest and most vocal champion of the simple belief that the land on which your flowers grow and the people who grow deserve respect and protection. As Chairman of Asocolflores for an unprecedented seven terms, Velez shared that philosophy of social responsibility and environmental stewardship as he tirelessly [&hellip;]","og_url":"https:\/\/endowment.org\/es\/noticias\/tributo-memorial-a-ernesto-velez-establecido-2\/","og_site_name":"American Floral Endowment","article_modified_time":"2024-03-18T21:39:38+00:00","twitter_card":"summary_large_image","twitter_misc":{"Est. reading time":"1 minute"},"schema":{"@context":"https:\/\/schema.org","@graph":[{"@type":"WebPage","@id":"https:\/\/endowment.org\/news\/ernesto-velez-memorial-tribute-established-2\/","url":"https:\/\/endowment.org\/news\/ernesto-velez-memorial-tribute-established-2\/","name":"Establecido Homenaje Memorial a Ernesto Velez - American Floral Endowment","isPartOf":{"@id":"https:\/\/endowment.org\/#website"},"datePublished":"2010-04-09T19:41:00+00:00","dateModified":"2024-03-18T21:39:38+00:00","breadcrumb":{"@id":"https:\/\/endowment.org\/news\/ernesto-velez-memorial-tribute-established-2\/#breadcrumb"},"inLanguage":"es-ES","potentialAction":[{"@type":"ReadAction","target":["https:\/\/endowment.org\/news\/ernesto-velez-memorial-tribute-established-2\/"]}]},{"@type":"BreadcrumbList","@id":"https:\/\/endowment.org\/news\/ernesto-velez-memorial-tribute-established-2\/#breadcrumb","itemListElement":[{"@type":"ListItem","position":1,"name":"Home","item":"https:\/\/endowment.org\/"},{"@type":"ListItem","position":2,"name":"Ernesto Velez Memorial Tribute Established"}]},{"@type":"WebSite","@id":"https:\/\/endowment.org\/#website","url":"https:\/\/endowment.org\/","name":"Fundaci\u00f3n Floral Americana","description":"Financiaci\u00f3n del futuro de la floricultura","potentialAction":[{"@type":"SearchAction","target":{"@type":"EntryPoint","urlTemplate":"https:\/\/endowment.org\/?s={search_term_string}"},"query-input":{"@type":"PropertyValueSpecification","valueRequired":true,"valueName":"search_term_string"}}],"inLanguage":"es-ES"}]}},"_links":{"self":[{"href":"https:\/\/endowment.org\/es\/wp-json\/wp\/v2\/news\/9099","targetHints":{"allow":["GET"]}}],"collection":[{"href":"https:\/\/endowment.org\/es\/wp-json\/wp\/v2\/news"}],"about":[{"href":"https:\/\/endowment.org\/es\/wp-json\/wp\/v2\/types\/news"}],"version-history":[{"count":3,"href":"https:\/\/endowment.org\/es\/wp-json\/wp\/v2\/news\/9099\/revisions"}],"predecessor-version":[{"id":9620,"href":"https:\/\/endowment.org\/es\/wp-json\/wp\/v2\/news\/9099\/revisions\/9620"}],"wp:attachment":[{"href":"https:\/\/endowment.org\/es\/wp-json\/wp\/v2\/media?parent=9099"}],"wp:term":[{"taxonomy":"news-categories","embeddable":true,"href":"https:\/\/endowment.org\/es\/wp-json\/wp\/v2\/news-categories?post=9099"}],"curies":[{"name":"bien jugado","href":"https:\/\/api.w.org\/{rel}","templated":true}]}}