{"id":3811,"date":"2021-01-08T18:22:00","date_gmt":"2021-01-08T18:22:00","guid":{"rendered":"https:\/\/afe.epicenter1.com\/news\/memorial-tribute-established-in-memory-of-paul-daum"},"modified":"2024-03-15T21:54:12","modified_gmt":"2024-03-15T21:54:12","slug":"homenaje-postumo-establecido-en-memoria-de-paul-daum","status":"publish","type":"news","link":"https:\/\/endowment.org\/es\/news\/memorial-tribute-established-in-memory-of-paul-daum","title":{"rendered":"Tributo conmemorativo establecido en memoria de Paul Daum"},"content":{"rendered":"<div\n\tid=\"block_8cacaa8685edaf33492721b23468723a\"\n\tclass=\"nmc-block nmc-block--half-half alignfull  half-half   alignfull\">\n\t  <div class=\"bound boundwide\">\n    <div class=\"wrap\">\n      <div class=\"image\">\n                                                \n    <div class=\"img-variable\" style=\"width: 408px; aspect-ratio: 408 \/ 647;\">\n        <img decoding=\"async\" src=\"https:\/\/endowment.org\/wp-content\/uploads\/2021\/01\/final-picture-of-paul_BW.jpg\" width=\"408\" height=\"647\" alt=\"\" loading=\"lazy\">\n    <\/div>\n          <svg xmlns=\"http:\/\/www.w3.org\/2000\/svg\" width=\"15\" height=\"15\" viewbox=\"0 0 15 15\" fill=\"none\" role=\"img\" aria-hidden=\"true\" focusable=\"false\"><title>externo<\/title>\n<path fill-rule=\"evenodd\" clip-rule=\"evenodd\" d=\"M1.88345 13.1241H13.124V8.24662H15V15H0V0H6.75338V1.87594H1.88345V13.1241ZM8.25152 1.87594V0H14.9974V6.74587H13.1215V3.2041L8.16152 8.16405L6.84082 6.83592L11.7933 1.87594H8.25152Z\" fill=\"white\"\/>\n<\/svg>        \n              <\/div>\n      <div class=\"content\">\n                <div class=\"text\"><p>El Fondo Floral Estadounidense (AFE) anuncia un nuevo homenaje memorial en memoria de Paul Leonard Daum, quien falleci\u00f3 el 31 de diciembre<sup>st<\/sup>, 2020, a la edad de 95 a\u00f1os. El fondo $1,000 fue creado por la empresa Fred C. Gloeckner Company, junto con sus amigos y compa\u00f1eros de trabajo.<\/p>\n<p>Paul ha sido reconocido por muchos como el \u201c<strong>Padre de la industria floricultora latinoamericana<\/strong>\u201dpor sus muchos logros y su dedicaci\u00f3n a la industria floral. Dedic\u00f3 m\u00e1s de 50 a\u00f1os de su vida a la fundaci\u00f3n y el desarrollo de la floricultura mundial, principalmente en los Estados Unidos, Am\u00e9rica Central y del Sur. Paul fue fundamental en el desarrollo de un importante negocio de exportaci\u00f3n en Am\u00e9rica Latina y los Estados Unidos, del cual se enorgullec\u00eda personalmente por el hecho de haber proporcionado tantos empleos en tantos pa\u00edses.<\/p>\n<\/div>\n        <div class=\"buttons\">\n                            <\/div>\n        \n      <\/div>\n    <\/div>\n  <\/div>\n<\/div>\n\n\n<p class=\"wp-block-paragraph\">El mayor logro de Paul fue su impacto en miles de familias en Am\u00e9rica Latina y m\u00e1s all\u00e1 que a\u00fan hoy tienen mejores vidas debido a la industria floral. Familias y peque\u00f1as comunidades se han desarrollado en medio de la industria que Paul ayud\u00f3 a establecer.<\/p>\n\n\n\n<p class=\"wp-block-paragraph\">Desde su infancia, Paul Daum ha mostrado pasi\u00f3n e inter\u00e9s por las flores. Su experiencia agr\u00edcola inicial fue en un clima templado; sin embargo, la mayor parte de su vida adulta transcurri\u00f3 en los climas semitropicales de Florida, Am\u00e9rica Latina y el Caribe.<\/p>\n\n\n\n<p class=\"wp-block-paragraph\">Pablo recibi\u00f3 una maestr\u00eda en Fisiolog\u00eda Vegetal de la Universidad Estatal de Ohio despu\u00e9s de su servicio durante la Segunda Guerra Mundial. Pablo era un orgulloso veterano de la Segunda Guerra Mundial. Pablo se alist\u00f3 en el Servicio de Submarinos de la Marina de los EE. UU. y particip\u00f3 en los teatros del Pac\u00edfico y del Atl\u00e1ntico. Su primer puesto profesional fue en el Departamento de Agricultura de los Estados Unidos en el Programa de Asistencia Agr\u00edcola (US-AID). Su asignaci\u00f3n inicial fue en los campos de banano en Costa Rica. Curiosamente, este fue el comienzo de muchos pasajes importantes en su joven vida, incluido el conocer a su esposa, Miriam.<\/p>\n\n\n\n<p class=\"wp-block-paragraph\">Paul fue representante t\u00e9cnico de Fred C. Gloeckner Co. desde 1957 hasta 2004. Se sab\u00eda que hab\u00eda acumulado una de las bibliotecas m\u00e1s completas de material de horticultura tanto cient\u00edfico como pr\u00e1ctico, una biblioteca que comparti\u00f3 libremente con la industria. Adem\u00e1s, Paul sirvi\u00f3 con distinci\u00f3n en la junta directiva durante 58 a\u00f1os. Su experiencia y conocimientos fueron valiosos no solo para seleccionar propuestas de investigaci\u00f3n cient\u00edficamente v\u00e1lidas, sino tambi\u00e9n para educar a otros miembros de la junta sobre aplicaciones importantes para la floricultura comercial.<\/p>\n\n\n\n<p class=\"wp-block-paragraph\">Aun durante su jubilaci\u00f3n en Costa Rica, Paul fund\u00f3 una empresa de consultor\u00eda y continu\u00f3 trabajando con productores, obtentores e importadores. Su compromiso con la industria floral abarc\u00f3 toda su vida y seguir\u00e1 teniendo un impacto durante los a\u00f1os venideros.<\/p>\n\n\n\n<p class=\"wp-block-paragraph\">Nacido en Canton, Ohio, a Paul le sobreviven sus hijos Steven Daum, de Smithers-Oasis\/Floralife, y Andre Daum, sus tres nietos y dos bisnietos. Paul estuvo casado con su esposa Miriam Daum durante m\u00e1s de 50 a\u00f1os y compartieron una vida juntos tanto en Miami como en Costa Rica.<\/p>\n\n\n\n\n<div class=\"nmc-buttons aligncenter  buttons   aligncenter\" id=\"block_b3624915eca0aadef70d152fb9bef910\">\n\t\t\t<a href=\"https:\/\/endowment.networkforgood.com\/projects\/71074-donate-to-afe\" class=\"btn\" target=\"_blank\">Haz una contribuci\u00f3n<\/a>\t\t\t<a href=\"https:\/\/e1.nmcdn.io\/assets\/afe\/wp-content\/uploads\/2021\/01\/PaulDaum_SubmitForm.pdf\" class=\"btn\" target=\"_blank\">Enviar un cheque<\/a>\t<\/div>\n\n\n<p class=\"wp-block-paragraph\"><\/p>\n\n\n\n<p class=\"wp-block-paragraph\"><strong>Los cheques se pueden enviar a:<\/strong><br><strong>Fundaci\u00f3n Floral Americana<br>c\/o Homenaje Memorial a Paul Daum<br>610 Madison Street, Ste 101, PMB 803<br>Alexandria, VA 22314<\/strong><\/p>\n\n\n\n<p class=\"wp-block-paragraph\"><em>Siempre se notifica a la familia sobre las donaciones y se pueden hacer contribuciones de cualquier monto.<\/em><\/p>","protected":false},"template":"","news-categories":[32,31,48,29],"class_list":["post-3811","news","type-news","status-publish","hentry","news-categories-donors","news-categories-latest-news","news-categories-memorials","news-categories-news"],"acf":[],"yoast_head":"<!-- This site is optimized with the Yoast SEO plugin v28.4 - https:\/\/yoast.com\/product\/yoast-seo-wordpress\/ -->\n<title>Memorial Tribute Established in Memory of Paul Daum - American Floral Endowment<\/title>\n<meta name=\"description\" content=\"The American Floral Endowment (AFE) announces a new memorial tribute in memory of Paul Leonard Daum, who died on December 31st, 2020.The American Floral Endowment (AFE) announces a new memorial tribute in memory of Paul Leonard Daum, who died on December 31st, 2020.\" \/>\n<meta name=\"robots\" content=\"index, follow, max-snippet:-1, max-image-preview:large, max-video-preview:-1\" \/>\n<link rel=\"canonical\" href=\"https:\/\/endowment.org\/es\/noticias\/homenaje-postumo-establecido-en-memoria-de-paul-daum\/\" \/>\n<meta property=\"og:locale\" content=\"es_ES\" \/>\n<meta property=\"og:type\" content=\"article\" \/>\n<meta property=\"og:title\" content=\"Memorial Tribute Established in Memory of Paul Daum - American Floral Endowment\" \/>\n<meta property=\"og:description\" content=\"The American Floral Endowment (AFE) announces a new memorial tribute in memory of Paul Leonard Daum, who died on December 31st, 2020.The American Floral Endowment (AFE) announces a new memorial tribute in memory of Paul Leonard Daum, who died on December 31st, 2020.\" \/>\n<meta property=\"og:url\" content=\"https:\/\/endowment.org\/es\/noticias\/homenaje-postumo-establecido-en-memoria-de-paul-daum\/\" \/>\n<meta property=\"og:site_name\" content=\"American Floral Endowment\" \/>\n<meta property=\"article:modified_time\" content=\"2024-03-15T21:54:12+00:00\" \/>\n<meta name=\"twitter:card\" content=\"summary_large_image\" \/>\n<meta name=\"twitter:label1\" content=\"Est. reading time\" \/>\n\t<meta name=\"twitter:data1\" content=\"2 minutes\" \/>\n<script type=\"application\/ld+json\" class=\"yoast-schema-graph\">{\"@context\":\"https:\\\/\\\/schema.org\",\"@graph\":[{\"@type\":\"WebPage\",\"@id\":\"https:\\\/\\\/endowment.org\\\/news\\\/memorial-tribute-established-in-memory-of-paul-daum\\\/\",\"url\":\"https:\\\/\\\/endowment.org\\\/news\\\/memorial-tribute-established-in-memory-of-paul-daum\\\/\",\"name\":\"Memorial Tribute Established in Memory of Paul Daum - American Floral Endowment\",\"isPartOf\":{\"@id\":\"https:\\\/\\\/endowment.org\\\/#website\"},\"datePublished\":\"2021-01-08T18:22:00+00:00\",\"dateModified\":\"2024-03-15T21:54:12+00:00\",\"description\":\"The American Floral Endowment (AFE) announces a new memorial tribute in memory of Paul Leonard Daum, who died on December 31st, 2020.The American Floral Endowment (AFE) announces a new memorial tribute in memory of Paul Leonard Daum, who died on December 31st, 2020.\",\"breadcrumb\":{\"@id\":\"https:\\\/\\\/endowment.org\\\/news\\\/memorial-tribute-established-in-memory-of-paul-daum\\\/#breadcrumb\"},\"inLanguage\":\"es-ES\",\"potentialAction\":[{\"@type\":\"ReadAction\",\"target\":[\"https:\\\/\\\/endowment.org\\\/news\\\/memorial-tribute-established-in-memory-of-paul-daum\\\/\"]}]},{\"@type\":\"BreadcrumbList\",\"@id\":\"https:\\\/\\\/endowment.org\\\/news\\\/memorial-tribute-established-in-memory-of-paul-daum\\\/#breadcrumb\",\"itemListElement\":[{\"@type\":\"ListItem\",\"position\":1,\"name\":\"Home\",\"item\":\"https:\\\/\\\/endowment.org\\\/\"},{\"@type\":\"ListItem\",\"position\":2,\"name\":\"Memorial Tribute Established in Memory of Paul Daum\"}]},{\"@type\":\"WebSite\",\"@id\":\"https:\\\/\\\/endowment.org\\\/#website\",\"url\":\"https:\\\/\\\/endowment.org\\\/\",\"name\":\"American Floral Endowment\",\"description\":\"Funding the Future of Floriculture\",\"potentialAction\":[{\"@type\":\"SearchAction\",\"target\":{\"@type\":\"EntryPoint\",\"urlTemplate\":\"https:\\\/\\\/endowment.org\\\/?s={search_term_string}\"},\"query-input\":{\"@type\":\"PropertyValueSpecification\",\"valueRequired\":true,\"valueName\":\"search_term_string\"}}],\"inLanguage\":\"es-ES\"}]}<\/script>\n<!-- \/ Yoast SEO plugin. -->","yoast_head_json":{"title":"Homenaje p\u00f3stumo establecido en memoria de Paul Daum - Dotaci\u00f3n Floral Americana","description":"El American Floral Endowment (AFE) anuncia un nuevo homenaje p\u00f3stumo en memoria de Paul Leonard Daum, fallecido el 31 de diciembre de 2020.","robots":{"index":"index","follow":"follow","max-snippet":"max-snippet:-1","max-image-preview":"max-image-preview:large","max-video-preview":"max-video-preview:-1"},"canonical":"https:\/\/endowment.org\/es\/noticias\/homenaje-postumo-establecido-en-memoria-de-paul-daum\/","og_locale":"es_ES","og_type":"article","og_title":"Memorial Tribute Established in Memory of Paul Daum - American Floral Endowment","og_description":"The American Floral Endowment (AFE) announces a new memorial tribute in memory of Paul Leonard Daum, who died on December 31st, 2020.The American Floral Endowment (AFE) announces a new memorial tribute in memory of Paul Leonard Daum, who died on December 31st, 2020.","og_url":"https:\/\/endowment.org\/es\/noticias\/homenaje-postumo-establecido-en-memoria-de-paul-daum\/","og_site_name":"American Floral Endowment","article_modified_time":"2024-03-15T21:54:12+00:00","twitter_card":"summary_large_image","twitter_misc":{"Est. reading time":"2 minutes"},"schema":{"@context":"https:\/\/schema.org","@graph":[{"@type":"WebPage","@id":"https:\/\/endowment.org\/news\/memorial-tribute-established-in-memory-of-paul-daum\/","url":"https:\/\/endowment.org\/news\/memorial-tribute-established-in-memory-of-paul-daum\/","name":"Homenaje p\u00f3stumo establecido en memoria de Paul Daum - Dotaci\u00f3n Floral Americana","isPartOf":{"@id":"https:\/\/endowment.org\/#website"},"datePublished":"2021-01-08T18:22:00+00:00","dateModified":"2024-03-15T21:54:12+00:00","description":"El American Floral Endowment (AFE) anuncia un nuevo homenaje p\u00f3stumo en memoria de Paul Leonard Daum, fallecido el 31 de diciembre de 2020.","breadcrumb":{"@id":"https:\/\/endowment.org\/news\/memorial-tribute-established-in-memory-of-paul-daum\/#breadcrumb"},"inLanguage":"es-ES","potentialAction":[{"@type":"ReadAction","target":["https:\/\/endowment.org\/news\/memorial-tribute-established-in-memory-of-paul-daum\/"]}]},{"@type":"BreadcrumbList","@id":"https:\/\/endowment.org\/news\/memorial-tribute-established-in-memory-of-paul-daum\/#breadcrumb","itemListElement":[{"@type":"ListItem","position":1,"name":"Home","item":"https:\/\/endowment.org\/"},{"@type":"ListItem","position":2,"name":"Memorial Tribute Established in Memory of Paul Daum"}]},{"@type":"WebSite","@id":"https:\/\/endowment.org\/#website","url":"https:\/\/endowment.org\/","name":"Fundaci\u00f3n Floral Americana","description":"Financiaci\u00f3n del futuro de la floricultura","potentialAction":[{"@type":"SearchAction","target":{"@type":"EntryPoint","urlTemplate":"https:\/\/endowment.org\/?s={search_term_string}"},"query-input":{"@type":"PropertyValueSpecification","valueRequired":true,"valueName":"search_term_string"}}],"inLanguage":"es-ES"}]}},"_links":{"self":[{"href":"https:\/\/endowment.org\/es\/wp-json\/wp\/v2\/news\/3811","targetHints":{"allow":["GET"]}}],"collection":[{"href":"https:\/\/endowment.org\/es\/wp-json\/wp\/v2\/news"}],"about":[{"href":"https:\/\/endowment.org\/es\/wp-json\/wp\/v2\/types\/news"}],"version-history":[{"count":1,"href":"https:\/\/endowment.org\/es\/wp-json\/wp\/v2\/news\/3811\/revisions"}],"predecessor-version":[{"id":9582,"href":"https:\/\/endowment.org\/es\/wp-json\/wp\/v2\/news\/3811\/revisions\/9582"}],"wp:attachment":[{"href":"https:\/\/endowment.org\/es\/wp-json\/wp\/v2\/media?parent=3811"}],"wp:term":[{"taxonomy":"news-categories","embeddable":true,"href":"https:\/\/endowment.org\/es\/wp-json\/wp\/v2\/news-categories?post=3811"}],"curies":[{"name":"bien jugado","href":"https:\/\/api.w.org\/{rel}","templated":true}]}}