{"id":3555,"date":"2021-10-25T13:55:00","date_gmt":"2021-10-25T13:55:00","guid":{"rendered":"https:\/\/afe.epicenter1.com\/news\/announcing-the-meinders-retail-florist-education-grant-fund"},"modified":"2025-03-31T12:37:49","modified_gmt":"2025-03-31T12:37:49","slug":"anuncio-del-fondo-de-subvenciones-para-la-educacion-de-floristas-minoristas-meinders","status":"publish","type":"news","link":"https:\/\/endowment.org\/es\/news\/announcing-the-meinders-retail-florist-education-grant-fund","title":{"rendered":"Anuncio del Fondo de Becas de Educaci\u00f3n para Floristas Minoristas Meinders"},"content":{"rendered":"<p class=\"wp-block-paragraph\"> <h2 style=\"text-align: center;\"><span style=\"color: #800000;\"><strong>Nueva subvenci\u00f3n proporciona apoyo para programas educativos centrados en el comercio minorista<\/strong><\/span><\/h2><p>\u00a0Nos complace anunciar la creaci\u00f3n de la <strong>Fondo de la Beca de Educaci\u00f3n para Floristas Minoristas Meinders<\/strong>\u00a0que proporcionar\u00e1 apoyo financiero para la educaci\u00f3n de floristas minoristas. <\/p><\/p>\n\n\n\n<figure class=\"wp-block-image alignright size-full is-resized\"><img loading=\"lazy\" decoding=\"async\" width=\"688\" height=\"974\" src=\"https:\/\/endowment.org\/wp-content\/uploads\/2021\/10\/Screenshot-2025-03-31-at-6.31.44\u202fAM.png\" alt=\"\" class=\"wp-image-22110\" style=\"width:264px;height:auto\" srcset=\"https:\/\/endowment.org\/wp-content\/uploads\/2021\/10\/Screenshot-2025-03-31-at-6.31.44\u202fAM.png 688w, https:\/\/endowment.org\/wp-content\/uploads\/2021\/10\/Screenshot-2025-03-31-at-6.31.44\u202fAM-212x300.png 212w, https:\/\/endowment.org\/wp-content\/uploads\/2021\/10\/Screenshot-2025-03-31-at-6.31.44\u202fAM-540x764.png 540w\" sizes=\"auto, (max-width: 688px) 100vw, 688px\" \/><\/figure>\n\n\n\n<p class=\"wp-block-paragraph\"><p>Creado gracias a las generosas aportaciones de Herman y LaDonna Meinders, miembros veteranos del sector y partidarios de la AFE, este nuevo fondo se suma al primer fondo con nombre propio de la AFE, creado en 2011 por esta pareja, con lo que el total asciende ahora a m\u00e1s de $500.000.<\/p><\/p>\n\n\n\n<p class=\"wp-block-paragraph\"><p><strong>\u201cHerman y LaDonna abrieron el camino para animar a otros a apoyar la misi\u00f3n general de AFE de asegurar el futuro de la industria floral. Desde entonces, se han creado m\u00e1s de 30 fondos adicionales con nombre propio.\u201d<\/strong> dijo Debi Chedester, directora ejecutiva de AFE.<\/p><\/p>\n\n\n\n<p class=\"wp-block-paragraph\"><p>Cuando se le pregunt\u00f3 sobre su continuo compromiso con la Fundaci\u00f3n, Herman Meinders comparti\u00f3, <strong>\u201cComo expresidente anterior de la AFE, puedo dar fe de la importancia del trabajo que realiza la Fundaci\u00f3n y del apoyo que brinda a todos los aspectos de la industria floral. Me enorgullece haber sido una parte fundadora en la expansi\u00f3n del alcance de la AFE en los primeros d\u00edas, y ahora continuar apoy\u00e1ndola con este enfoque en la educaci\u00f3n minorista.\u201d<\/strong><\/p><\/p>\n\n\n\n<p class=\"wp-block-paragraph\"><p>El nuevo fondo de ayudas a la formaci\u00f3n se destina espec\u00edficamente a subvencionar, total o parcialmente, las cuotas de inscripci\u00f3n a eventos del sector floral para floristas minoristas, mediante la concesi\u00f3n de ayudas o becas a organizaciones sin \u00e1nimo de lucro del sector floral con este fin. El fondo es totalmente sostenible y se prev\u00e9 que crezca a\u00f1o tras a\u00f1o, lo que permitir\u00e1 aumentar las aportaciones a importantes programas educativos del sector. En su primer a\u00f1o, proporcionar\u00e1 m\u00e1s de $10 000 en subvenciones.<\/p><\/p>\n\n\n\n<p class=\"wp-block-paragraph\"><p>\u201cLa educaci\u00f3n siempre ha sido una prioridad para m\u00ed. Atribuyo gran parte de nuestro \u00e9xito comercial a nuestro enfoque en apoyar la educaci\u00f3n continua. Si los floristas no pueden crecer y aprender, entonces el segmento minorista no prosperar\u00e1\u201d, a\u00f1adi\u00f3 Meinders.<\/p><\/p>\n\n\n\n<figure class=\"wp-block-image alignleft size-full is-resized\"><img loading=\"lazy\" decoding=\"async\" width=\"1796\" height=\"1192\" src=\"https:\/\/endowment.org\/wp-content\/uploads\/2021\/10\/Screenshot-2025-03-31-at-6.31.55\u202fAM.png\" alt=\"\" class=\"wp-image-22109\" style=\"width:566px;height:auto\" srcset=\"https:\/\/endowment.org\/wp-content\/uploads\/2021\/10\/Screenshot-2025-03-31-at-6.31.55\u202fAM.png 1796w, https:\/\/endowment.org\/wp-content\/uploads\/2021\/10\/Screenshot-2025-03-31-at-6.31.55\u202fAM-300x199.png 300w, https:\/\/endowment.org\/wp-content\/uploads\/2021\/10\/Screenshot-2025-03-31-at-6.31.55\u202fAM-1024x680.png 1024w, https:\/\/endowment.org\/wp-content\/uploads\/2021\/10\/Screenshot-2025-03-31-at-6.31.55\u202fAM-768x510.png 768w, https:\/\/endowment.org\/wp-content\/uploads\/2021\/10\/Screenshot-2025-03-31-at-6.31.55\u202fAM-1536x1019.png 1536w, https:\/\/endowment.org\/wp-content\/uploads\/2021\/10\/Screenshot-2025-03-31-at-6.31.55\u202fAM-540x358.png 540w, https:\/\/endowment.org\/wp-content\/uploads\/2021\/10\/Screenshot-2025-03-31-at-6.31.55\u202fAM-900x597.png 900w\" sizes=\"auto, (max-width: 1796px) 100vw, 1796px\" \/><figcaption class=\"wp-element-caption\"><p class=\"wp-caption-text\"><span style=\"font-size: 8pt;\">Fotograf\u00eda de la cena anual de recaudaci\u00f3n de fondos de la AFE celebrada en 2011. De izquierda a derecha: Tom Butler, entonces presidente de la AFE, recibe un cheque por valor de $250.000 de manos de Herman y LaDonna Meinders, en presencia del presidente electo de la AFE, Paul Bachman, para crear el primer fondo nominativo sin destino espec\u00edfico de la historia de la AFE.<\/span><\/p><\/figcaption><\/figure>\n\n\n\n<p class=\"wp-block-paragraph\"><p class=\"wp-caption-text\"><\/p><span style=\"font-size: revert; font-family: var(--serif);\">\u201cEs especialmente emocionante anunciar este nuevo programa de subvenciones durante\u00a0<\/span><a title=\"https:\/\/endowment.org\/60th\/\" data-cke-saved-href=\"https:\/\/endowment.org\/60th\/\" style=\"font-size: revert; font-family: var(--serif);\" href=\"https:\/\/endowment.org\/es\/60th\/\" target=\"_blank\" rel=\"noopener\"><strong>60.\u00b0 Aniversario de AFE<\/strong><\/a><span style=\"font-size: revert; font-family: var(--serif);\">,\u201d, dijo el presidente electo de AFE Ken Young, AAF, propietario de Phoenix Flower Shops. <\/span><\/p>\n\n\n\n<p class=\"wp-block-paragraph\"><span style=\"font-size: revert; font-family: var(--serif);\"><strong>\u201cMientras promovemos \u2018Celebrando 60 a\u00f1os de proveer para el futuro\u2019 en nuestro logotipo de aniversario, este nuevo fondo demuestra el compromiso de AFE de apoyar oportunidades educativas para los minoristas. Personalmente, conozco a Herman desde hace m\u00e1s de 35 a\u00f1os y he sido testigo de su inquebrantable apoyo a los floristas minoristas, el cual ahora continuar\u00e1 para las futuras generaciones de minoristas.\u201d<\/strong><\/span><\/p>\n\n\n\n<p class=\"wp-block-paragraph\"><span style=\"font-size: revert; font-family: var(--serif);\">Los costos de viajar a eventos, las tarifas de inscripci\u00f3n y el tiempo alejado de las tiendas impiden que muchos minoristas experimenten valiosas oportunidades de establecer contactos y el aprendizaje esencial de sus pares. Este fondo de subvenciones tendr\u00e1 un impacto duradero y brindar\u00e1 asistencia financiera a quienes de otro modo no podr\u00edan asistir a los eventos. <\/span><\/p>\n\n\n\n<p class=\"wp-block-paragraph\"><span style=\"font-size: revert; font-family: var(--serif);\"><strong>\u201cAgradecemos el continuo apoyo de Herman and LaDonna para desarrollar oportunidades para que los floristas contin\u00faen su educaci\u00f3n. Los Meinders han creado un legado de generosidad y apoyo a la industria floral y a la educaci\u00f3n\u201d<\/strong> notas Chedester. <\/span><\/p>\n\n\n\n<figure class=\"wp-block-image alignright size-full is-resized\"><img loading=\"lazy\" decoding=\"async\" width=\"738\" height=\"1012\" src=\"https:\/\/endowment.org\/wp-content\/uploads\/2021\/10\/Screenshot-2025-03-31-at-6.32.07\u202fAM.png\" alt=\"\" class=\"wp-image-22108\" style=\"width:294px;height:auto\" srcset=\"https:\/\/endowment.org\/wp-content\/uploads\/2021\/10\/Screenshot-2025-03-31-at-6.32.07\u202fAM.png 738w, https:\/\/endowment.org\/wp-content\/uploads\/2021\/10\/Screenshot-2025-03-31-at-6.32.07\u202fAM-219x300.png 219w, https:\/\/endowment.org\/wp-content\/uploads\/2021\/10\/Screenshot-2025-03-31-at-6.32.07\u202fAM-540x740.png 540w\" sizes=\"auto, (max-width: 738px) 100vw, 738px\" \/><\/figure>\n\n\n\n<p class=\"wp-block-paragraph\"><span style=\"font-size: revert; font-family: var(--serif);\">Las solicitudes de financiaci\u00f3n se revisar\u00e1n anualmente y las distribuciones comenzar\u00e1n en 2022 a trav\u00e9s de un proceso de solicitud. La solicitud de subvenci\u00f3n se abrir\u00e1 en enero de 2022; la fecha l\u00edmite de presentaci\u00f3n es el 1 de junio de cada a\u00f1o. El Comit\u00e9 de Educaci\u00f3n de AFE supervisar\u00e1 el proceso de revisi\u00f3n de las solicitudes recibidas, as\u00ed como la identificaci\u00f3n de los eventos de la industria que califiquen para determinar los niveles de distribuci\u00f3n con el fin de cumplir con el prop\u00f3sito de esta subvenci\u00f3n para la educaci\u00f3n de floristas minoristas.<\/span><\/p>\n\n\n\n<p class=\"wp-block-paragraph\"><span style=\"font-size: revert; font-family: var(--serif);\">Herman Meinders, expresidente y colaborador de larga trayectoria de AFE, es fundador y presidente em\u00e9rito de American Floral Services, uno de los mayores servicios de transmisi\u00f3n floral que se fusion\u00f3 con Teleflora en 2000. Herman y LaDonna han realizado contribuciones personales y corporativas a AFE desde 1980 y han desempe\u00f1ado un papel fundamental en numerosos proyectos filantr\u00f3picos y donaciones a instituciones educativas. Herman y LaDonna Meinders son miembros fundadores de nuestro <\/span><a title=\"https:\/\/endowment.org\/legacy-circle\/\" data-cke-saved-href=\"https:\/\/endowment.org\/legacy-circle\/\" style=\"font-size: revert; font-family: var(--serif);\" href=\"https:\/\/endowment.org\/es\/circulo-de-legado\/\" target=\"_blank\" rel=\"noopener\"><strong>C\u00edrculo de Legado<\/strong><\/a><span style=\"font-size: revert; font-family: var(--serif);\">, un grupo honorario de miembros de la industria que han previsto una donaci\u00f3n planificada a la AFE mediante un legado, una p\u00f3liza de seguro de vida, un fideicomiso u otro medio.<\/span><\/p>\n\n\n\n<figure class=\"wp-block-image alignleft size-large is-resized\"><img loading=\"lazy\" decoding=\"async\" width=\"1024\" height=\"1024\" src=\"https:\/\/endowment.org\/wp-content\/uploads\/2024\/03\/legacycircle-1024x1024.png\" alt=\"\" class=\"wp-image-10330\" style=\"width:158px;height:auto\" srcset=\"https:\/\/endowment.org\/wp-content\/uploads\/2024\/03\/legacycircle-1024x1024.png 1024w, https:\/\/endowment.org\/wp-content\/uploads\/2024\/03\/legacycircle-300x300.png 300w, https:\/\/endowment.org\/wp-content\/uploads\/2024\/03\/legacycircle-150x150.png 150w, https:\/\/endowment.org\/wp-content\/uploads\/2024\/03\/legacycircle-768x768.png 768w, https:\/\/endowment.org\/wp-content\/uploads\/2024\/03\/legacycircle-1536x1536.png 1536w, https:\/\/endowment.org\/wp-content\/uploads\/2024\/03\/legacycircle-2048x2048.png 2048w\" sizes=\"auto, (max-width: 1024px) 100vw, 1024px\" \/><\/figure>\n\n\n\n<p class=\"wp-block-paragraph\"><span style=\"font-size: revert; font-family: var(--serif);\">Obtenga m\u00e1s informaci\u00f3n sobre la subvenci\u00f3n y la solicitud en nuestro <\/span><a title=\"https:\/\/endowment.org\/grants\/\" data-cke-saved-href=\"https:\/\/endowment.org\/grants\/\" style=\"font-size: revert; font-family: var(--serif);\" href=\"https:\/\/endowment.org\/es\/subvenciones\/\" target=\"_blank\" rel=\"noopener\"><strong>Subsidios educativos<\/strong><\/a><span style=\"font-size: revert; font-family: var(--serif);\"> p\u00e1gina. Si est\u00e1 interesado en participar en nuestro <\/span><a title=\"https:\/\/endowment.org\/60th\/\" data-cke-saved-href=\"https:\/\/endowment.org\/60th\/\" style=\"font-size: revert; font-family: var(--serif);\" href=\"https:\/\/endowment.org\/es\/60th\/\"><strong>60.\u00ba aniversario<\/strong><\/a><span style=\"font-size: revert; font-family: var(--serif);\">\u00a0o uni\u00e9ndose a la\u00a0<\/span><a title=\"https:\/\/endowment.org\/legacy-circle\/\" data-cke-saved-href=\"https:\/\/endowment.org\/legacy-circle\/\" style=\"font-size: revert; font-family: var(--serif);\" href=\"https:\/\/endowment.org\/es\/circulo-de-legado\/\" target=\"_blank\" rel=\"noopener\"><strong>C\u00edrculo de Legado<\/strong><\/a><span style=\"font-size: revert; font-family: var(--serif);\">,\u00a0<\/span>ver nuestro<strong> <\/strong><a title=\"https:\/\/endowment.org\/ways-contribute\/\" data-cke-saved-href=\"https:\/\/endowment.org\/ways-contribute\/\" style=\"font-size: revert; font-family: var(--serif);\" href=\"https:\/\/endowment.org\/es\/ways-contribute\/\" target=\"_blank\" rel=\"noopener\"><strong>formas de donar<\/strong><\/a><span style=\"font-size: revert; font-family: var(--serif);\">.<\/span><\/p>","protected":false},"template":"","news-categories":[32,53,31,29,41],"class_list":["post-3555","news","type-news","status-publish","hentry","news-categories-donors","news-categories-grants","news-categories-latest-news","news-categories-news","news-categories-florist-event"],"acf":[],"yoast_head":"<!-- This site is optimized with the Yoast SEO plugin v28.4 - https:\/\/yoast.com\/product\/yoast-seo-wordpress\/ -->\n<title>Anouncing the Meinders Retail Florist Education Grant Fund<\/title>\n<meta name=\"description\" content=\"We are pleased to announce the creation of the Meinders Retail Florist Education Grant Fund that will provide financial support for retail florist education.We are pleased to announce the creation of the Meinders Retail Florist Education Grant Fund that will provide financial support for retail florist education.\" \/>\n<meta name=\"robots\" content=\"index, follow, max-snippet:-1, max-image-preview:large, max-video-preview:-1\" \/>\n<link rel=\"canonical\" href=\"https:\/\/endowment.org\/es\/noticias\/anuncio-del-fondo-de-subvenciones-para-la-educacion-de-floristas-minoristas-meinders\/\" \/>\n<meta property=\"og:locale\" content=\"es_ES\" \/>\n<meta property=\"og:type\" content=\"article\" \/>\n<meta property=\"og:title\" content=\"Anouncing the Meinders Retail Florist Education Grant Fund\" \/>\n<meta property=\"og:description\" content=\"We are pleased to announce the creation of the Meinders Retail Florist Education Grant Fund that will provide financial support for retail florist education.We are pleased to announce the creation of the Meinders Retail Florist Education Grant Fund that will provide financial support for retail florist education.\" \/>\n<meta property=\"og:url\" content=\"https:\/\/endowment.org\/es\/noticias\/anuncio-del-fondo-de-subvenciones-para-la-educacion-de-floristas-minoristas-meinders\/\" \/>\n<meta property=\"og:site_name\" content=\"American Floral Endowment\" \/>\n<meta property=\"article:modified_time\" content=\"2025-03-31T12:37:49+00:00\" \/>\n<meta property=\"og:image\" content=\"https:\/\/endowment.org\/wp-content\/uploads\/2024\/03\/legacycircle-1024x1024.png\" \/>\n<meta name=\"twitter:card\" content=\"summary_large_image\" \/>\n<meta name=\"twitter:label1\" content=\"Est. reading time\" \/>\n\t<meta name=\"twitter:data1\" content=\"4 minutes\" \/>\n<script type=\"application\/ld+json\" class=\"yoast-schema-graph\">{\"@context\":\"https:\\\/\\\/schema.org\",\"@graph\":[{\"@type\":\"WebPage\",\"@id\":\"https:\\\/\\\/endowment.org\\\/news\\\/announcing-the-meinders-retail-florist-education-grant-fund\\\/\",\"url\":\"https:\\\/\\\/endowment.org\\\/news\\\/announcing-the-meinders-retail-florist-education-grant-fund\\\/\",\"name\":\"Anouncing the Meinders Retail Florist Education Grant Fund\",\"isPartOf\":{\"@id\":\"https:\\\/\\\/endowment.org\\\/#website\"},\"primaryImageOfPage\":{\"@id\":\"https:\\\/\\\/endowment.org\\\/news\\\/announcing-the-meinders-retail-florist-education-grant-fund\\\/#primaryimage\"},\"image\":{\"@id\":\"https:\\\/\\\/endowment.org\\\/news\\\/announcing-the-meinders-retail-florist-education-grant-fund\\\/#primaryimage\"},\"thumbnailUrl\":\"https:\\\/\\\/endowment.org\\\/wp-content\\\/uploads\\\/2024\\\/03\\\/legacycircle-1024x1024.png\",\"datePublished\":\"2021-10-25T13:55:00+00:00\",\"dateModified\":\"2025-03-31T12:37:49+00:00\",\"description\":\"We are pleased to announce the creation of the Meinders Retail Florist Education Grant Fund that will provide financial support for retail florist education.We are pleased to announce the creation of the Meinders Retail Florist Education Grant Fund that will provide financial support for retail florist education.\",\"breadcrumb\":{\"@id\":\"https:\\\/\\\/endowment.org\\\/news\\\/announcing-the-meinders-retail-florist-education-grant-fund\\\/#breadcrumb\"},\"inLanguage\":\"es-ES\",\"potentialAction\":[{\"@type\":\"ReadAction\",\"target\":[\"https:\\\/\\\/endowment.org\\\/news\\\/announcing-the-meinders-retail-florist-education-grant-fund\\\/\"]}]},{\"@type\":\"ImageObject\",\"inLanguage\":\"es-ES\",\"@id\":\"https:\\\/\\\/endowment.org\\\/news\\\/announcing-the-meinders-retail-florist-education-grant-fund\\\/#primaryimage\",\"url\":\"https:\\\/\\\/endowment.org\\\/wp-content\\\/uploads\\\/2024\\\/03\\\/legacycircle-1024x1024.png\",\"contentUrl\":\"https:\\\/\\\/endowment.org\\\/wp-content\\\/uploads\\\/2024\\\/03\\\/legacycircle-1024x1024.png\"},{\"@type\":\"BreadcrumbList\",\"@id\":\"https:\\\/\\\/endowment.org\\\/news\\\/announcing-the-meinders-retail-florist-education-grant-fund\\\/#breadcrumb\",\"itemListElement\":[{\"@type\":\"ListItem\",\"position\":1,\"name\":\"Home\",\"item\":\"https:\\\/\\\/endowment.org\\\/\"},{\"@type\":\"ListItem\",\"position\":2,\"name\":\"Announcing the Meinders Retail Florist Education Grant Fund\"}]},{\"@type\":\"WebSite\",\"@id\":\"https:\\\/\\\/endowment.org\\\/#website\",\"url\":\"https:\\\/\\\/endowment.org\\\/\",\"name\":\"American Floral Endowment\",\"description\":\"Funding the Future of Floriculture\",\"potentialAction\":[{\"@type\":\"SearchAction\",\"target\":{\"@type\":\"EntryPoint\",\"urlTemplate\":\"https:\\\/\\\/endowment.org\\\/?s={search_term_string}\"},\"query-input\":{\"@type\":\"PropertyValueSpecification\",\"valueRequired\":true,\"valueName\":\"search_term_string\"}}],\"inLanguage\":\"es-ES\"}]}<\/script>\n<!-- \/ Yoast SEO plugin. -->","yoast_head_json":{"title":"Anuncio del Fondo de Becas para Educaci\u00f3n de Floristas Minoristas Meinders","description":"Nos complace anunciar la creaci\u00f3n del Fondo de Becas para la Educaci\u00f3n de Floristas Minoristas Meinders, que brindar\u00e1 apoyo financiero para la educaci\u00f3n de los floristas minoristas.","robots":{"index":"index","follow":"follow","max-snippet":"max-snippet:-1","max-image-preview":"max-image-preview:large","max-video-preview":"max-video-preview:-1"},"canonical":"https:\/\/endowment.org\/es\/noticias\/anuncio-del-fondo-de-subvenciones-para-la-educacion-de-floristas-minoristas-meinders\/","og_locale":"es_ES","og_type":"article","og_title":"Anouncing the Meinders Retail Florist Education Grant Fund","og_description":"We are pleased to announce the creation of the Meinders Retail Florist Education Grant Fund that will provide financial support for retail florist education.We are pleased to announce the creation of the Meinders Retail Florist Education Grant Fund that will provide financial support for retail florist education.","og_url":"https:\/\/endowment.org\/es\/noticias\/anuncio-del-fondo-de-subvenciones-para-la-educacion-de-floristas-minoristas-meinders\/","og_site_name":"American Floral Endowment","article_modified_time":"2025-03-31T12:37:49+00:00","og_image":[{"url":"https:\/\/endowment.org\/wp-content\/uploads\/2024\/03\/legacycircle-1024x1024.png","type":"","width":"","height":""}],"twitter_card":"summary_large_image","twitter_misc":{"Est. reading time":"4 minutes"},"schema":{"@context":"https:\/\/schema.org","@graph":[{"@type":"WebPage","@id":"https:\/\/endowment.org\/news\/announcing-the-meinders-retail-florist-education-grant-fund\/","url":"https:\/\/endowment.org\/news\/announcing-the-meinders-retail-florist-education-grant-fund\/","name":"Anuncio del Fondo de Becas para Educaci\u00f3n de Floristas Minoristas Meinders","isPartOf":{"@id":"https:\/\/endowment.org\/#website"},"primaryImageOfPage":{"@id":"https:\/\/endowment.org\/news\/announcing-the-meinders-retail-florist-education-grant-fund\/#primaryimage"},"image":{"@id":"https:\/\/endowment.org\/news\/announcing-the-meinders-retail-florist-education-grant-fund\/#primaryimage"},"thumbnailUrl":"https:\/\/endowment.org\/wp-content\/uploads\/2024\/03\/legacycircle-1024x1024.png","datePublished":"2021-10-25T13:55:00+00:00","dateModified":"2025-03-31T12:37:49+00:00","description":"Nos complace anunciar la creaci\u00f3n del Fondo de Becas para la Educaci\u00f3n de Floristas Minoristas Meinders, que brindar\u00e1 apoyo financiero para la educaci\u00f3n de los floristas minoristas.","breadcrumb":{"@id":"https:\/\/endowment.org\/news\/announcing-the-meinders-retail-florist-education-grant-fund\/#breadcrumb"},"inLanguage":"es-ES","potentialAction":[{"@type":"ReadAction","target":["https:\/\/endowment.org\/news\/announcing-the-meinders-retail-florist-education-grant-fund\/"]}]},{"@type":"ImageObject","inLanguage":"es-ES","@id":"https:\/\/endowment.org\/news\/announcing-the-meinders-retail-florist-education-grant-fund\/#primaryimage","url":"https:\/\/endowment.org\/wp-content\/uploads\/2024\/03\/legacycircle-1024x1024.png","contentUrl":"https:\/\/endowment.org\/wp-content\/uploads\/2024\/03\/legacycircle-1024x1024.png"},{"@type":"BreadcrumbList","@id":"https:\/\/endowment.org\/news\/announcing-the-meinders-retail-florist-education-grant-fund\/#breadcrumb","itemListElement":[{"@type":"ListItem","position":1,"name":"Home","item":"https:\/\/endowment.org\/"},{"@type":"ListItem","position":2,"name":"Announcing the Meinders Retail Florist Education Grant Fund"}]},{"@type":"WebSite","@id":"https:\/\/endowment.org\/#website","url":"https:\/\/endowment.org\/","name":"Fundaci\u00f3n Floral Americana","description":"Financiaci\u00f3n del futuro de la floricultura","potentialAction":[{"@type":"SearchAction","target":{"@type":"EntryPoint","urlTemplate":"https:\/\/endowment.org\/?s={search_term_string}"},"query-input":{"@type":"PropertyValueSpecification","valueRequired":true,"valueName":"search_term_string"}}],"inLanguage":"es-ES"}]}},"_links":{"self":[{"href":"https:\/\/endowment.org\/es\/wp-json\/wp\/v2\/news\/3555","targetHints":{"allow":["GET"]}}],"collection":[{"href":"https:\/\/endowment.org\/es\/wp-json\/wp\/v2\/news"}],"about":[{"href":"https:\/\/endowment.org\/es\/wp-json\/wp\/v2\/types\/news"}],"version-history":[{"count":2,"href":"https:\/\/endowment.org\/es\/wp-json\/wp\/v2\/news\/3555\/revisions"}],"predecessor-version":[{"id":22111,"href":"https:\/\/endowment.org\/es\/wp-json\/wp\/v2\/news\/3555\/revisions\/22111"}],"wp:attachment":[{"href":"https:\/\/endowment.org\/es\/wp-json\/wp\/v2\/media?parent=3555"}],"wp:term":[{"taxonomy":"news-categories","embeddable":true,"href":"https:\/\/endowment.org\/es\/wp-json\/wp\/v2\/news-categories?post=3555"}],"curies":[{"name":"bien jugado","href":"https:\/\/api.w.org\/{rel}","templated":true}]}}