{"id":3460,"date":"2022-02-17T14:09:00","date_gmt":"2022-02-17T14:09:00","guid":{"rendered":"https:\/\/afe.epicenter1.com\/news\/the-value-of-afes-young-professionals-council"},"modified":"2024-03-26T16:00:16","modified_gmt":"2024-03-26T16:00:16","slug":"el-valor-del-consejo-de-jovenes-profesionales-de-afes","status":"publish","type":"news","link":"https:\/\/endowment.org\/es\/news\/the-value-of-afes-young-professionals-council","title":{"rendered":"El valor del Consejo de J\u00f3venes Profesionales de AFE"},"content":{"rendered":"<figure class=\"wp-block-image\"><img decoding=\"async\" src=\"https:\/\/endowment.org\/wp-content\/uploads\/imported-files\/YPC-Banner.png\" alt=\"El valor del Consejo de J\u00f3venes Profesionales de AFE\"\/><\/figure>\n\n\n\n<h2 class=\"wp-block-heading\"><strong><span style=\"color: #ff6600;\"><em>Desarrollo profesional, networking y crecimiento<\/em><\/span><\/strong><\/h2>\n\n\n\n<p class=\"wp-block-paragraph\"><span style=\"color: #000000;\">Una de las mejores maneras de garantizar un futuro m\u00e1s brillante para nuestra industria es invertir en la pr\u00f3xima generaci\u00f3n de j\u00f3venes profesionales. Mire hacia donde mire, encontrar\u00e1 mentes sumamente brillantes y j\u00f3venes entusiastas, listos para asumir el pr\u00f3ximo desaf\u00edo. Facilitar su desarrollo profesional y un camino hacia el \u00e9xito es una de las principales prioridades de la Fundaci\u00f3n Floral Estadounidense. Ingrese a nuestro<\/span> <a href=\"https:\/\/endowment.org\/es\/ypc\/\">Consejo de J\u00f3venes Profesionales<\/a> <span style=\"color: #000000;\">\u2013 un grupo interactivo de miembros de la industria con intereses afines, de entre 21 y 35 a\u00f1os, que buscan avanzar en sus carreras, adquirir habilidades de liderazgo y hacer avanzar la industria floral <em>juntos<\/em>.<\/span><\/p>\n\n\n\n<figure class=\"wp-block-image alignright\"><a href=\"https:\/\/endowment.org\/es\/ypc-value\/ypcgroup\/\" rel=\"attachment wp-att-14798\"><img decoding=\"async\" src=\"https:\/\/endowment.org\/wp-content\/uploads\/imported-files\/ypcgroup.jpg\" alt=\"\" class=\"wp-image-14798\"\/><\/a><\/figure>\n\n\n\n<p class=\"wp-block-paragraph\"><span style=\"color: #000000;\">Desde 2015, el YPC ha ofrecido oportunidades de creaci\u00f3n de redes, voluntariado y educaci\u00f3n a trav\u00e9s de eventos, seminarios web, reuniones y m\u00e1s para ayudar a impulsar carreras exitosas dentro de la industria y apoyar la misi\u00f3n de AFE. Los miembros no solo logran construir su red de contactos a trav\u00e9s de estos eventos y conexiones \u00fanicas, sino que obtienen una perspectiva profesional espectacular mediante la colaboraci\u00f3n con AFE, miembros de la industria y otros j\u00f3venes profesionales. Despu\u00e9s del Consejo, los miembros del YPC contin\u00faan dando grandes pasos en la floricultura y la horticultura, equipados con las herramientas para fomentar una carrera llena de impacto.<\/span><\/p>\n\n\n\n<p class=\"wp-block-paragraph\"><span style=\"color: #000000;\">En los \u00faltimos dos a\u00f1os, y durante la pandemia, el YPC cumpli\u00f3 un prop\u00f3sito a\u00fan mayor al continuar con sus esfuerzos y dedicaci\u00f3n a trav\u00e9s de la pandemia de COVID-19. En 2021, el YPC no solo se mantuvo comprometido en apoyarse mutuamente, sino que creci\u00f3. Contar con una red de colegas para los j\u00f3venes profesionales es fundamental para garantizar la pr\u00f3xima generaci\u00f3n de l\u00edderes de la industria. AFE continuar\u00e1 construyendo esta red, brindar\u00e1 oportunidades de liderazgo y conectar\u00e1 a los j\u00f3venes profesionales con los l\u00edderes de la industria para apoyar el crecimiento futuro.&nbsp;<\/span><\/p>\n\n\n\n<p class=\"wp-block-paragraph\"><span style=\"color: #000000;\">Nos sentamos con cuatro miembros del YPC para conocerlos y preguntarles sus perspectivas sobre el valor del YPC. Seg\u00fan todos los indicios, es emocionante ver la pasi\u00f3n y la sed de conocimiento de estas personas mientras se esfuerzan por participar y retribuir.<\/span><\/p>\n\n\n\n<hr class=\"wp-block-separator has-alpha-channel-opacity\"\/>\n\n\n\n<p class=\"wp-block-paragraph\"><span style=\"color: #000000;\"><strong><span style=\"font-size: 14pt; color: #ff6600;\">Jon Mahoney, Ph.D.<\/span><br><\/strong><\/span><span style=\"color: #000000;\"><em>Ball Horticultural Company<br><\/em><\/span><span style=\"color: #000000;\">Nuevo miembro<\/span><\/p>\n\n\n\n<figure class=\"wp-block-image alignleft\"><a href=\"https:\/\/endowment.org\/es\/ypc-value\/jon\/\" rel=\"attachment wp-att-14795\"><img decoding=\"async\" src=\"https:\/\/endowment.org\/wp-content\/uploads\/imported-files\/jon.jpg\" alt=\"\" class=\"wp-image-14795\"\/><\/a><\/figure>\n\n\n\n<p class=\"wp-block-paragraph\"><span style=\"color: #000000;\"><em><\/em>A los ojos de Jon Mahoney, es un momento emocionante para ser un joven profesional en la industria floral. Con el crecimiento del sector floral y el aumento del inter\u00e9s de los consumidores en los \u00faltimos a\u00f1os, las oportunidades son abundantes. \u201cComo joven profesional, tenemos la afortunada oportunidad de aportar un gran impulso a esta industria en este momento\u201d, afirma. Cuando los tiempos cambian y surgen nuevos desaf\u00edos, tambi\u00e9n lo hacen nuevas soluciones y caminos a seguir. Es un privilegio para Jon, y para los j\u00f3venes profesionales por igual, ser testigos de ello. \u201cEstamos en una etapa de investigaci\u00f3n y desarrollo para empezar a crear productos innovadores para la floricultura, y me emociona, como joven cient\u00edfico, estar involucrado\u201d.\u201d<\/span><\/p>\n\n\n\n<p class=\"wp-block-paragraph\"><span style=\"color: #000000;\">Ahora como cient\u00edfico en biolog\u00eda celular para Ball Horticultural, Jon comenz\u00f3 su trayectoria floral en la escuela secundaria, trabajando en un invernadero y florer\u00eda local en Des Moines, IA. Obtuvo su licenciatura en horticultura en la Universidad Estatal de Iowa y un doctorado en fitomejoramiento en la Universidad de Connecticut. Reconocido por su sobresaliente pasi\u00f3n, un colega de Ball Hort sugiri\u00f3 que Jon se uniera al Consejo de J\u00f3venes Profesionales de AFE este a\u00f1o, y el resto es historia.<\/span><\/p>\n\n\n\n<p class=\"wp-block-paragraph\"><span style=\"color: #000000;\">Jon est\u00e1 emocionado de formar parte del YPC y fomentar su crecimiento para alcanzar las metas de desarrollar nuevas tecnolog\u00edas y liderar a los futuros miembros de la industria. \u201cEsta es una gran oportunidad para ampliar mi red de contactos e involucrarme en la industria de la floricultura. M\u00e1s importante a\u00fan, creo que este es un pelda\u00f1o para empezar a retribuir a la industria e inspirar a la pr\u00f3xima generaci\u00f3n de l\u00edderes de la floricultura\u201d, afirma Jon.<\/span><\/p>\n\n\n\n<p class=\"wp-block-paragraph\"><span style=\"color: #000000;\">Aun siendo un miembro nuevo, ya ha comenzado a cosechar los beneficios de la membres\u00eda de YPC a trav\u00e9s de estas conexiones de red, ya que afirma que es \u201cmuy \u00fatil para fomentar un sentido de comunidad entre los j\u00f3venes profesionales\u201d.\u201d<\/span><\/p>\n\n\n\n<p class=\"wp-block-paragraph\"><span style=\"color: #000000;\">Durante su membres\u00eda, Jon espera con inter\u00e9s las oportunidades de desarrollo profesional del YPC en comunicaci\u00f3n cient\u00edfica, gesti\u00f3n de equipos y habilidades de liderazgo. \u201cComo joven cient\u00edfico reci\u00e9n salido de la escuela de posgrado, siempre estoy interesado en mejorar mis habilidades de gesti\u00f3n y liderazgo\u201d, se\u00f1ala. Esta es una respuesta com\u00fan de nuestro YPC y una que a menudo tienen la oportunidad de abordar. A trav\u00e9s de nuestras investigaciones, seminarios web y otros proyectos en curso, los miembros del YPC son invitados a asumir roles de liderazgo y ayudar al equipo de AFE a difundir informaci\u00f3n a la industria, una oportunidad que un nuevo miembro llamado Michael ha comenzado a aprovechar.<\/span><\/p>\n\n\n\n<p class=\"wp-block-paragraph\"><span style=\"color: #000000;\"><strong><span style=\"font-size: 14pt; color: #ff6600;\">Michael Wijesinghe<\/span><br><\/strong><em>Bell Nursery<br><\/em>Nuevo miembro<\/span><\/p>\n\n\n\n<figure class=\"wp-block-image alignleft\"><a href=\"https:\/\/endowment.org\/es\/ypc-value\/michael\/\" rel=\"attachment wp-att-14797\"><img decoding=\"async\" src=\"https:\/\/endowment.org\/wp-content\/uploads\/imported-files\/michael.jpg\" alt=\"\" class=\"wp-image-14797\"\/><\/a><\/figure>\n\n\n\n<p class=\"wp-block-paragraph\"><span style=\"color: #000000;\">Michael Wisjesinghe se uni\u00f3 al YPC en 2021 y particip\u00f3 activamente desde el principio. Fue fundamental para ayudar a procesar los datos recopilados de la industria y el \u00e1mbito acad\u00e9mico para<\/span> <a href=\"https:\/\/endowment.org\/es\/perspectivas-profesionales-para-jovenes-profesionales\/\">dos encuestas centradas en la carrera profesional<\/a> <span style=\"color: #000000;\">los cuales ofrecen consejos a los j\u00f3venes profesionales que buscan ingresar al campo. Michael no solo particip\u00f3 en el desarrollo de los res\u00famenes ejecutivos de estos datos, sino que tambi\u00e9n moder\u00f3 el seminario web que present\u00f3 los resultados de las encuestas junto con otros consejos profesionales de expertos de la industria a sus pares del YPC. \u201cObtuve excelentes consejos de una variedad de profesionales de la industria al revisar las encuestas de carrera\u201d, dijo sobre la experiencia.<\/span><\/p>\n\n\n\n<p class=\"wp-block-paragraph\"><span style=\"color: #000000;\">Michael es ahora un cultivador para Bell Nursery en Ohio, quien desarroll\u00f3 su amor por la floricultura desde muy joven, trabajando en un vivero familiar cuando ten\u00eda 14 a\u00f1os. \u201cMe enamor\u00e9 del arte de la horticultura y de la alegr\u00eda que las plantas ornamentales brindaban a los clientes\u201d, dijo.<\/span><\/p>\n\n\n\n<p class=\"wp-block-paragraph\"><span style=\"color: #000000;\">Con un gran inter\u00e9s en abordar la inaccesibilidad alimentaria en las comunidades, Michael acudi\u00f3 al YPC para ayudar a ampliar sus oportunidades. Alg\u00fan d\u00eda tiene la intenci\u00f3n de operar su propio proyecto de Agricultura de Entorno Controlado (CEA, por sus siglas en ingl\u00e9s) para ayudar a llevar productos frescos directamente a las comunidades del centro de la ciudad. \u201cHasta entonces, estoy trabajando para mejorar mis habilidades a trav\u00e9s del YPC, mi puesto de tiempo completo como agricultor y mis conocimientos generales de la industria como consultor de medio tiempo para proyectos similares de CEA\u201d, dijo Michael.<\/span><\/p>\n\n\n\n<p class=\"wp-block-paragraph\"><span style=\"color: #000000;\">Al igual que Jon, Michael tambi\u00e9n est\u00e1 emocionado por ser un joven profesional en la industria floral hoy en d\u00eda, y se\u00f1ala que \u201cparece haber una nueva generaci\u00f3n de profesionales ansiosos por marcar la diferencia\u201d. \u00c9l reconoce el impulso en sus colegas y se siente bienvenido por los expertos de la industria. \u201cComo estudiante universitario, desear\u00eda haber tenido m\u00e1s confianza y comprensi\u00f3n sobre la industria antes de graduarme. Espero que, como miembro del YPC, pueda ayudar a brindar eso a quienes est\u00e9n considerando un trabajo en la horticultura\u201d.\u201d<\/span><\/p>\n\n\n\n<p class=\"wp-block-paragraph\"><span style=\"color: #000000;\">Mirar hacia el futuro es imprescindible para la industria, y apoyar a los j\u00f3venes profesionales a trav\u00e9s del YPC es una parte esencial para fomentar a la pr\u00f3xima generaci\u00f3n.<\/span><\/p>\n\n\n\n<p class=\"wp-block-paragraph\"><span style=\"color: #000000;\"><strong><span style=\"font-size: 14pt; color: #ff6600;\">Leynar Leyton, Ph.D.<\/span><br><\/strong><em>Graduado, Universidad de Georgia<br><\/em>Miembro de YPC desde 2016<\/span><\/p>\n\n\n\n<figure class=\"wp-block-image alignleft\"><a href=\"https:\/\/endowment.org\/es\/ypc-value\/leynarheadshot-4sm\/\" rel=\"attachment wp-att-14796\"><img decoding=\"async\" src=\"https:\/\/endowment.org\/wp-content\/uploads\/imported-files\/LeynarHeadshot-4SM-scaled.jpg\" alt=\"\" class=\"wp-image-14916\"\/><\/a><\/figure>\n\n\n\n<p class=\"wp-block-paragraph\"><span style=\"color: #000000;\">Entre estos j\u00f3venes profesionales de las plantas inspiradores se encuentra Leynar Leyton, miembro de larga data del YPC. Desde 2016, Leynar ha conocido los entresijos del Consejo de J\u00f3venes Profesionales de AFE y no solo contin\u00faa apoyando a nuestra organizaci\u00f3n, sino que sigue muy involucrado en eventos y oportunidades.<\/span><\/p>\n\n\n\n<p class=\"wp-block-paragraph\"><span style=\"color: #000000;\">Originario de Santiago de Chile, la conexi\u00f3n infantil de Leynar con la horticultura fue su patio trasero. Con productos de la cocina en la mano, los plantaba para ver qu\u00e9 florec\u00eda. Estos experimentos despertaron su inter\u00e9s en el campo. En la universidad, Leynar supo que trabajar con plantas ornamentales era su vocaci\u00f3n.<\/span><\/p>\n\n\n\n<p class=\"wp-block-paragraph\"><span style=\"color: #000000;\">Ahora con un doctorado en Fitomejoramiento, Gen\u00f3mica y Gen\u00e9tica de la Universidad de Georgia, Leynar dice que no se le ocurre un mejor momento para comenzar su carrera. Con la experiencia y las conexiones de su red que el YPC le ha proporcionado a lo largo de los a\u00f1os, est\u00e1 listo para contribuir a la industria de maneras significativas. \u201cEl YPC me ayud\u00f3 a encontrar a mi gente y a crear relaciones que evolucionaron hasta convertirse en amistades con muchos miembros de la industria, profesores y estudiantes de posgrado. Tener esta red de amigos de la floricultura con quienes puedes hablar sobre tu investigaci\u00f3n, futuros caminos profesionales y lo que est\u00e1 pasando en la industria ha sido muy valioso\u201d, afirm\u00f3. Leynar tambi\u00e9n elogi\u00f3 otras oportunidades que se le han ofrecido a trav\u00e9s del YPC, como fondos para viajes para presentar su investigaci\u00f3n de doctorado, conferencias, cenas de networking, el desarrollo de un folleto profesional y, m\u00e1s recientemente, la moderaci\u00f3n de varias<\/span> <a href=\"https:\/\/endowment.org\/es\/growpro\/\">Sesiones del seminario web AFE Grow Pro<\/a><span style=\"color: #000000;\">. \u2014El YPC ha hecho un gran trabajo al ofrecer diferentes oportunidades profesionales \u2014dijo Leynar.<\/span><\/p>\n\n\n\n<p class=\"wp-block-paragraph\"><span style=\"color: #000000;\"><strong><span style=\"font-size: 14pt; color: #ff6600;\">Erin Pfarr<\/span><br><\/strong><\/span><span style=\"color: #000000;\"><em>Estudiante de posgrado, Universidad de Rutgers<br><\/em><\/span><span style=\"color: #000000;\">Miembro del YPC desde 2018<\/span><\/p>\n\n\n\n<figure class=\"wp-block-image alignleft\"><a href=\"https:\/\/endowment.org\/es\/ypc-value\/erin-pfarr\/\" rel=\"attachment wp-att-14794\"><img decoding=\"async\" src=\"https:\/\/endowment.org\/wp-content\/uploads\/imported-files\/Erin-Pfarr-scaled.jpg\" alt=\"\" class=\"wp-image-14794\"\/><\/a><\/figure>\n\n\n\n<p class=\"wp-block-paragraph\"><span style=\"color: #000000;\"> Del mismo modo, la miembro del YPC Erin Pfarr est\u00e1 particularmente interesada en las oportunidades profesionales del YPC. Desde que comenz\u00f3 su doctorado en Biolog\u00eda Vegetal en la Universidad Rutgers, hab\u00eda estado buscando una forma de involucrarse m\u00e1s en la industria; el YPC fue la manera perfecta de hacerlo.<\/span><\/p>\n\n\n\n<p class=\"wp-block-paragraph\"><span style=\"color: #000000;\">Erinn desarroll\u00f3 una pasi\u00f3n por la industria floral mientras crec\u00eda en una granja en Minnesota. Luego obtuvo su t\u00edtulo en Horticultura con especializaci\u00f3n en Mejoramiento Gen\u00e9tico de Plantas en la Universidad de Minnesota. \u201cSiempre estoy trabajando para mejorar mis habilidades y aprender m\u00e1s sobre la industria para poder hacer contribuciones significativas a ella como investigadora y mejoradora de plantas\u201d, dice Erin. Y as\u00ed lo ha hecho, aportando su pasi\u00f3n y experiencia al Consejo de J\u00f3venes Profesionales.<\/span><\/p>\n\n\n\n<p class=\"wp-block-paragraph\"><span style=\"color: #000000;\">A lo largo de su membres\u00eda, Erin ha aprovechado la experiencia y la ha disfrutado. \u201cEl aspecto m\u00e1s valioso del YPC para m\u00ed ha sido el sentido de comunidad y la oportunidad de conectarme con mis colegas. He asistido a varias cenas de networking del YPC en conferencias de horticultura como la Sociedad Americana de Ciencia Hort\u00edcola y Cultivate. Fue especialmente valioso conectarse con personas en persona este verano despu\u00e9s de un a\u00f1o de reuniones y conferencias impersonales por Zoom\u201d, se\u00f1al\u00f3. Lea m\u00e1s sobre el<\/span> <a href=\"https:\/\/endowment.org\/es\/endowment-ashs-2021\/\">Cena de ASHS<\/a> <span style=\"color: #000000;\">y el<\/span> <a href=\"https:\/\/endowment.org\/es\/ypc-at-cultivate21\/\">Encuentro Cultivate<\/a> <span style=\"color: #000000;\">en nuestro sitio web. Erin ejemplifica las muchas puertas que se abren cuando te conectas con una organizaci\u00f3n como el YPC. Aprovechar estas oportunidades como joven profesional es crucial y demuestra que vale la pena.<\/span><\/p>\n\n\n\n<p class=\"wp-block-paragraph\"><span style=\"color: #000000;\">No hay duda de que Erin seguir\u00e1 logrando grandes cosas dentro de la industria, al igual que sus compa\u00f1eros de YPC. Aspira a convertirse en obtentora de plantas ornamentales o en una investigadora de apoyo a la obtenci\u00f3n que trabaje con gen\u00e9tica o bioinform\u00e1tica.<\/span><\/p>\n\n\n\n<p class=\"wp-block-paragraph\"><span style=\"color: #000000;\">Hasta entonces, planea continuar sus estudios y retribuir a AFE y a la industria a trav\u00e9s del YPC y ayudando a revisar las solicitudes de becas. Ella elogia enormemente a AFE, se\u00f1alando: \u201cLa amplitud de los programas de AFE para apoyar a la industria de la floricultura es impresionante: desde la financiaci\u00f3n de investigaciones, becas, pasant\u00edas y subvenciones educativas hasta la asociaci\u00f3n con el Foro Nacional de Floricultura y el lanzamiento de una bolsa de trabajo. Hacen un gran trabajo conectando a la industria con la academia, adem\u00e1s de ayudar a los estudiantes a tener \u00e9xito y encontrar carreras en la industria\u201d.\u201d<\/span><\/p>\n\n\n\n<p class=\"wp-block-paragraph\"><span style=\"color: #000000;\">Agradecemos el entusiasmo y la participaci\u00f3n de todos nuestros miembros del YPC, incluidos Jon, Michael, Leynar, Erin y m\u00e1s. Sin los j\u00f3venes profesionales de la industria que persiguen su pasi\u00f3n, el futuro de la industria estar\u00eda en duda. AFE trabaja duro para ofrecer recursos continuos y oportunidades de aprendizaje para los j\u00f3venes profesionales de nuestra industria, dentro y fuera del Consejo. La industria floral cambia constantemente, y es imperativo no solo mantener informadas a las futuras generaciones, sino tambi\u00e9n proporcionarles las herramientas para el \u00e9xito. El YPC ofrece esto y m\u00e1s, asegurando una experiencia enriquecedora y de apoyo. El futuro de la floricultura est\u00e1 en manos de las generaciones posteriores a nosotros y, a juzgar por nuestros miembros, estaremos en buenas manos.<\/span><\/p>\n\n\n\n<blockquote class=\"wp-block-quote is-layout-flow wp-block-quote-is-layout-flow\">\n<p class=\"wp-block-paragraph\"><span style=\"color: #000000;\"><em><strong>\u201cCreo que la necesidad de la horticultura es tan importante como siempre en el mundo actual. Ayudar a apoyar a una comunidad de profesionales actuales y futuros en la industria solo har\u00e1 que sea m\u00e1s flor\u00edfera.\u201d<\/strong> <\/em><\/span><span style=\"color: #000000;\">\u2013 Michael Wijesinghe<\/span><\/p>\n<\/blockquote>\n\n\n\n<hr class=\"wp-block-separator has-alpha-channel-opacity\"\/>\n\n\n\n<figure class=\"wp-block-image alignleft\"><a href=\"https:\/\/endowment.org\/es\/ypc\/\" rel=\"attachment wp-att-13147\"><img decoding=\"async\" src=\"https:\/\/endowment.org\/wp-content\/uploads\/imported-files\/YPC-logo.jpg\" alt=\"Logotipo de YPC\" class=\"wp-image-13147\"\/><\/a><\/figure>\n\n\n\n<p class=\"wp-block-paragraph\"><span style=\"color: #000000;\">La membres\u00eda de YPC es gratuita y ofrece oportunidades de liderazgo, crecimiento profesional, creaci\u00f3n de redes de contactos y m\u00e1s. Para obtener m\u00e1s informaci\u00f3n y unirse, visite <a href=\"https:\/\/endowment.org\/es\/ypc\/\">endowment.org\/ypc<\/a>&nbsp;y rellenar el <a href=\"https:\/\/endowment.org\/wp-content\/uploads\/imported-files\/New-2022-YPC-Bio-Form-Template_fillable-1.pdf\">Formulario de membres\u00eda de YPC<\/a>.<\/span><\/p>\n\n\n\n<p class=\"wp-block-paragraph\"><em>Por Shanley King, coordinadora de comunicaciones de AFE<\/em><\/p>","protected":false},"template":"","news-categories":[31,29,44,38],"class_list":["post-3460","news","type-news","status-publish","hentry","news-categories-latest-news","news-categories-news","news-categories-student","news-categories-young-professionals-council"],"acf":[],"yoast_head":"<!-- This site is optimized with the Yoast SEO plugin v28.4 - https:\/\/yoast.com\/product\/yoast-seo-wordpress\/ -->\n<title>The Value of AFE\u2019s Young Professionals Council - American Floral Endowment<\/title>\n<meta name=\"description\" content=\"We sat down with four Young Professionals Council members get to know them and to ask their perspectives on the value of the YPC.We sat down with four Young Professionals Council members get to know them and to ask their perspectives on the value of the YPC.\" \/>\n<meta name=\"robots\" content=\"index, follow, max-snippet:-1, max-image-preview:large, max-video-preview:-1\" \/>\n<link rel=\"canonical\" href=\"https:\/\/endowment.org\/es\/noticias\/el-valor-del-consejo-de-jovenes-profesionales-de-afes\/\" \/>\n<meta property=\"og:locale\" content=\"es_ES\" \/>\n<meta property=\"og:type\" content=\"article\" \/>\n<meta property=\"og:title\" content=\"The Value of AFE\u2019s Young Professionals Council - American Floral Endowment\" \/>\n<meta property=\"og:description\" content=\"We sat down with four Young Professionals Council members get to know them and to ask their perspectives on the value of the YPC.We sat down with four Young Professionals Council members get to know them and to ask their perspectives on the value of the YPC.\" \/>\n<meta property=\"og:url\" content=\"https:\/\/endowment.org\/es\/noticias\/el-valor-del-consejo-de-jovenes-profesionales-de-afes\/\" \/>\n<meta property=\"og:site_name\" content=\"American Floral Endowment\" \/>\n<meta property=\"article:modified_time\" content=\"2024-03-26T16:00:16+00:00\" \/>\n<meta property=\"og:image\" content=\"https:\/\/endowment.org\/wp-content\/uploads\/imported-files\/YPC-Banner.png\" \/>\n<meta name=\"twitter:card\" content=\"summary_large_image\" \/>\n<meta name=\"twitter:label1\" content=\"Est. reading time\" \/>\n\t<meta name=\"twitter:data1\" content=\"9 minutes\" \/>\n<script type=\"application\/ld+json\" class=\"yoast-schema-graph\">{\"@context\":\"https:\\\/\\\/schema.org\",\"@graph\":[{\"@type\":\"WebPage\",\"@id\":\"https:\\\/\\\/endowment.org\\\/news\\\/the-value-of-afes-young-professionals-council\\\/\",\"url\":\"https:\\\/\\\/endowment.org\\\/news\\\/the-value-of-afes-young-professionals-council\\\/\",\"name\":\"The Value of AFE\u2019s Young Professionals Council - American Floral Endowment\",\"isPartOf\":{\"@id\":\"https:\\\/\\\/endowment.org\\\/#website\"},\"primaryImageOfPage\":{\"@id\":\"https:\\\/\\\/endowment.org\\\/news\\\/the-value-of-afes-young-professionals-council\\\/#primaryimage\"},\"image\":{\"@id\":\"https:\\\/\\\/endowment.org\\\/news\\\/the-value-of-afes-young-professionals-council\\\/#primaryimage\"},\"thumbnailUrl\":\"https:\\\/\\\/endowment.org\\\/wp-content\\\/uploads\\\/imported-files\\\/YPC-Banner.png\",\"datePublished\":\"2022-02-17T14:09:00+00:00\",\"dateModified\":\"2024-03-26T16:00:16+00:00\",\"description\":\"We sat down with four Young Professionals Council members get to know them and to ask their perspectives on the value of the YPC.We sat down with four Young Professionals Council members get to know them and to ask their perspectives on the value of the YPC.\",\"breadcrumb\":{\"@id\":\"https:\\\/\\\/endowment.org\\\/news\\\/the-value-of-afes-young-professionals-council\\\/#breadcrumb\"},\"inLanguage\":\"es-ES\",\"potentialAction\":[{\"@type\":\"ReadAction\",\"target\":[\"https:\\\/\\\/endowment.org\\\/news\\\/the-value-of-afes-young-professionals-council\\\/\"]}]},{\"@type\":\"ImageObject\",\"inLanguage\":\"es-ES\",\"@id\":\"https:\\\/\\\/endowment.org\\\/news\\\/the-value-of-afes-young-professionals-council\\\/#primaryimage\",\"url\":\"https:\\\/\\\/endowment.org\\\/wp-content\\\/uploads\\\/imported-files\\\/YPC-Banner.png\",\"contentUrl\":\"https:\\\/\\\/endowment.org\\\/wp-content\\\/uploads\\\/imported-files\\\/YPC-Banner.png\"},{\"@type\":\"BreadcrumbList\",\"@id\":\"https:\\\/\\\/endowment.org\\\/news\\\/the-value-of-afes-young-professionals-council\\\/#breadcrumb\",\"itemListElement\":[{\"@type\":\"ListItem\",\"position\":1,\"name\":\"Home\",\"item\":\"https:\\\/\\\/endowment.org\\\/\"},{\"@type\":\"ListItem\",\"position\":2,\"name\":\"The Value of AFE\u2019s Young Professionals Council\"}]},{\"@type\":\"WebSite\",\"@id\":\"https:\\\/\\\/endowment.org\\\/#website\",\"url\":\"https:\\\/\\\/endowment.org\\\/\",\"name\":\"American Floral Endowment\",\"description\":\"Funding the Future of Floriculture\",\"potentialAction\":[{\"@type\":\"SearchAction\",\"target\":{\"@type\":\"EntryPoint\",\"urlTemplate\":\"https:\\\/\\\/endowment.org\\\/?s={search_term_string}\"},\"query-input\":{\"@type\":\"PropertyValueSpecification\",\"valueRequired\":true,\"valueName\":\"search_term_string\"}}],\"inLanguage\":\"es-ES\"}]}<\/script>\n<!-- \/ Yoast SEO plugin. -->","yoast_head_json":{"title":"El valor del Consejo de J\u00f3venes Profesionales de AFE - American Floral Endowment","description":"Nos sentamos con cuatro miembros del Consejo de J\u00f3venes Profesionales para conocerlos y conocer sus perspectivas sobre el valor del YPC.","robots":{"index":"index","follow":"follow","max-snippet":"max-snippet:-1","max-image-preview":"max-image-preview:large","max-video-preview":"max-video-preview:-1"},"canonical":"https:\/\/endowment.org\/es\/noticias\/el-valor-del-consejo-de-jovenes-profesionales-de-afes\/","og_locale":"es_ES","og_type":"article","og_title":"The Value of AFE\u2019s Young Professionals Council - American Floral Endowment","og_description":"We sat down with four Young Professionals Council members get to know them and to ask their perspectives on the value of the YPC.We sat down with four Young Professionals Council members get to know them and to ask their perspectives on the value of the YPC.","og_url":"https:\/\/endowment.org\/es\/noticias\/el-valor-del-consejo-de-jovenes-profesionales-de-afes\/","og_site_name":"American Floral Endowment","article_modified_time":"2024-03-26T16:00:16+00:00","og_image":[{"url":"https:\/\/endowment.org\/wp-content\/uploads\/imported-files\/YPC-Banner.png","type":"","width":"","height":""}],"twitter_card":"summary_large_image","twitter_misc":{"Est. reading time":"9 minutes"},"schema":{"@context":"https:\/\/schema.org","@graph":[{"@type":"WebPage","@id":"https:\/\/endowment.org\/news\/the-value-of-afes-young-professionals-council\/","url":"https:\/\/endowment.org\/news\/the-value-of-afes-young-professionals-council\/","name":"El valor del Consejo de J\u00f3venes Profesionales de AFE - American Floral Endowment","isPartOf":{"@id":"https:\/\/endowment.org\/#website"},"primaryImageOfPage":{"@id":"https:\/\/endowment.org\/news\/the-value-of-afes-young-professionals-council\/#primaryimage"},"image":{"@id":"https:\/\/endowment.org\/news\/the-value-of-afes-young-professionals-council\/#primaryimage"},"thumbnailUrl":"https:\/\/endowment.org\/wp-content\/uploads\/imported-files\/YPC-Banner.png","datePublished":"2022-02-17T14:09:00+00:00","dateModified":"2024-03-26T16:00:16+00:00","description":"Nos sentamos con cuatro miembros del Consejo de J\u00f3venes Profesionales para conocerlos y conocer sus perspectivas sobre el valor del YPC.","breadcrumb":{"@id":"https:\/\/endowment.org\/news\/the-value-of-afes-young-professionals-council\/#breadcrumb"},"inLanguage":"es-ES","potentialAction":[{"@type":"ReadAction","target":["https:\/\/endowment.org\/news\/the-value-of-afes-young-professionals-council\/"]}]},{"@type":"ImageObject","inLanguage":"es-ES","@id":"https:\/\/endowment.org\/news\/the-value-of-afes-young-professionals-council\/#primaryimage","url":"https:\/\/endowment.org\/wp-content\/uploads\/imported-files\/YPC-Banner.png","contentUrl":"https:\/\/endowment.org\/wp-content\/uploads\/imported-files\/YPC-Banner.png"},{"@type":"BreadcrumbList","@id":"https:\/\/endowment.org\/news\/the-value-of-afes-young-professionals-council\/#breadcrumb","itemListElement":[{"@type":"ListItem","position":1,"name":"Home","item":"https:\/\/endowment.org\/"},{"@type":"ListItem","position":2,"name":"The Value of AFE\u2019s Young Professionals Council"}]},{"@type":"WebSite","@id":"https:\/\/endowment.org\/#website","url":"https:\/\/endowment.org\/","name":"Fundaci\u00f3n Floral Americana","description":"Financiaci\u00f3n del futuro de la floricultura","potentialAction":[{"@type":"SearchAction","target":{"@type":"EntryPoint","urlTemplate":"https:\/\/endowment.org\/?s={search_term_string}"},"query-input":{"@type":"PropertyValueSpecification","valueRequired":true,"valueName":"search_term_string"}}],"inLanguage":"es-ES"}]}},"_links":{"self":[{"href":"https:\/\/endowment.org\/es\/wp-json\/wp\/v2\/news\/3460","targetHints":{"allow":["GET"]}}],"collection":[{"href":"https:\/\/endowment.org\/es\/wp-json\/wp\/v2\/news"}],"about":[{"href":"https:\/\/endowment.org\/es\/wp-json\/wp\/v2\/types\/news"}],"version-history":[{"count":2,"href":"https:\/\/endowment.org\/es\/wp-json\/wp\/v2\/news\/3460\/revisions"}],"predecessor-version":[{"id":19372,"href":"https:\/\/endowment.org\/es\/wp-json\/wp\/v2\/news\/3460\/revisions\/19372"}],"wp:attachment":[{"href":"https:\/\/endowment.org\/es\/wp-json\/wp\/v2\/media?parent=3460"}],"wp:term":[{"taxonomy":"news-categories","embeddable":true,"href":"https:\/\/endowment.org\/es\/wp-json\/wp\/v2\/news-categories?post=3460"}],"curies":[{"name":"bien jugado","href":"https:\/\/api.w.org\/{rel}","templated":true}]}}