{"id":25261,"date":"2026-08-04T18:44:56","date_gmt":"2026-08-04T18:44:56","guid":{"rendered":"https:\/\/endowment.org\/?post_type=news&#038;p=25261"},"modified":"2026-08-18T18:20:58","modified_gmt":"2026-08-18T18:20:58","slug":"homenaje-postumo-a-tom-moeller","status":"publish","type":"news","link":"https:\/\/endowment.org\/es\/news\/memorial-tribute-tom-moeller","title":{"rendered":"Se ha creado un homenaje en memoria de Tom Moeller\u00a0"},"content":{"rendered":"<figure class=\"wp-block-image alignleft size-large is-resized\"><img loading=\"lazy\" decoding=\"async\" width=\"811\" height=\"1024\" src=\"https:\/\/endowment.org\/wp-content\/uploads\/2026\/08\/Screenshot-2026-08-04-at-9.26.43-AM-811x1024.png\" alt=\"\" class=\"wp-image-25267\" style=\"aspect-ratio:0.7836651612492844;width:269px;height:auto\" srcset=\"https:\/\/endowment.org\/wp-content\/uploads\/2026\/08\/Screenshot-2026-08-04-at-9.26.43-AM-811x1024.png 811w, https:\/\/endowment.org\/wp-content\/uploads\/2026\/08\/Screenshot-2026-08-04-at-9.26.43-AM-238x300.png 238w, https:\/\/endowment.org\/wp-content\/uploads\/2026\/08\/Screenshot-2026-08-04-at-9.26.43-AM-768x970.png 768w, https:\/\/endowment.org\/wp-content\/uploads\/2026\/08\/Screenshot-2026-08-04-at-9.26.43-AM-540x682.png 540w, https:\/\/endowment.org\/wp-content\/uploads\/2026\/08\/Screenshot-2026-08-04-at-9.26.43-AM-900x1137.png 900w, https:\/\/endowment.org\/wp-content\/uploads\/2026\/08\/Screenshot-2026-08-04-at-9.26.43-AM.png 1134w\" sizes=\"auto, (max-width: 811px) 100vw, 811px\" \/><\/figure>\n\n\n\n<p class=\"wp-block-paragraph\">Se ha establecido un homenaje conmemorativo por <a href=\"https:\/\/www.ftd.com\/\" data-type=\"link\" data-id=\"https:\/\/www.ftd.com\/\">FTD<\/a> a trav\u00e9s de <a href=\"https:\/\/endowment.org\/es\/\" data-type=\"link\" data-id=\"endowment.org\">Endowment Floral Americano<\/a> en honor a Tom Douglas Moeller, quien falleci\u00f3 el 26 de julio de 2026, a la edad de 62 a\u00f1os.&nbsp;<\/p>\n\n\n\n<p class=\"wp-block-paragraph\">Tom dedic\u00f3 m\u00e1s de 15 a\u00f1os a apoyar a los floristas, construir relaciones significativas y fortalecer la industria floral a trav\u00e9s de un liderazgo reflexivo. Se dio a conocer no solo por su visi\u00f3n estrat\u00e9gica, sino por su capacidad para conectar con las personas e inspirar a quienes lo rodeaban. Su legado perdura a trav\u00e9s de las innumerables amistades que construy\u00f3 y el impacto positivo que tuvo en los floristas miembros, colegas y la comunidad floral.&nbsp;<\/p>\n\n\n\n<p class=\"wp-block-paragraph\">Tras comenzar su carrera en bienes de consumo envasados con Nabisco, Schering Plough y la William Wrigley Jr. Company, Tom se uni\u00f3 a FTD en 2010. Lider\u00f3 la Divisi\u00f3n de Floristas de la compa\u00f1\u00eda durante 11 a\u00f1os antes de tomarse un descanso para ofrecer servicios de consultor\u00eda a Passion Roses, y regres\u00f3 a FTD en 2023 para desempe\u00f1arse como presidente de Asociaciones y Operaciones de Floristas. A lo largo de su trayectoria, Tom se centr\u00f3 en fortalecer las relaciones con los floristas miembros y en mejorar el valor y el apoyo que FTD brindaba a su red.&nbsp;<\/p>\n\n\n\n<figure class=\"wp-block-image alignright size-large is-resized\"><img loading=\"lazy\" decoding=\"async\" width=\"1024\" height=\"759\" src=\"https:\/\/endowment.org\/wp-content\/uploads\/2026\/08\/Screenshot-2026-08-04-at-9.29.58-AM-1024x759.png\" alt=\"\" class=\"wp-image-25269\" style=\"aspect-ratio:1.348843574654441;width:426px;height:auto\" srcset=\"https:\/\/endowment.org\/wp-content\/uploads\/2026\/08\/Screenshot-2026-08-04-at-9.29.58-AM-1024x759.png 1024w, https:\/\/endowment.org\/wp-content\/uploads\/2026\/08\/Screenshot-2026-08-04-at-9.29.58-AM-300x222.png 300w, https:\/\/endowment.org\/wp-content\/uploads\/2026\/08\/Screenshot-2026-08-04-at-9.29.58-AM-768x569.png 768w, https:\/\/endowment.org\/wp-content\/uploads\/2026\/08\/Screenshot-2026-08-04-at-9.29.58-AM-540x400.png 540w, https:\/\/endowment.org\/wp-content\/uploads\/2026\/08\/Screenshot-2026-08-04-at-9.29.58-AM-900x667.png 900w, https:\/\/endowment.org\/wp-content\/uploads\/2026\/08\/Screenshot-2026-08-04-at-9.29.58-AM.png 1160w\" sizes=\"auto, (max-width: 1024px) 100vw, 1024px\" \/><\/figure>\n\n\n\n<p class=\"wp-block-paragraph\">\u201cTom dedic\u00f3 m\u00e1s de 15 a\u00f1os a la industria floral, uni\u00e9ndose a FTD en 2010 y desempe\u00f1\u00e1ndose en una variedad de cargos de liderazgo a lo largo de su carrera\u201d, dijo Mike Chapin, director ejecutivo de FTD. \u201cFue un l\u00edder apasionado e inspirador cuya energ\u00eda, optimismo y compromiso con el \u00e9xito dejaron un impacto duradero en FTD y en nuestros floristas miembros. Se le extra\u00f1ar\u00e1 no solo por sus contribuciones profesionales, sino tambi\u00e9n por las relaciones que construy\u00f3 y la influencia positiva que tuvo en sus colegas, los floristas miembros y todos los que tuvieron el privilegio de trabajar con \u00e9l\u201d.\u201d&nbsp;<\/p>\n\n\n\n<p class=\"wp-block-paragraph\">A lo largo de su carrera, Tom mantuvo su dedicaci\u00f3n a retribuir a la industria floral m\u00e1s all\u00e1 de sus responsabilidades profesionales. Fue un colaborador de larga data de la AFE y, para continuar con ese legado, el homenaje p\u00f3stumo beneficiar\u00e1 a&nbsp;<strong>Fondo FTD<\/strong>&nbsp;en AFE, establecida en 2013. Durante la Cena Anual de AFE de ese a\u00f1o, FTD fue reconocida por sus generosas contribuciones, bajo el liderazgo de Tom, al Fondo de Dotaci\u00f3n. El fondo refleja el compromiso de larga data de FTD con el fortalecimiento de la industria floral.&nbsp;&nbsp;<\/p>\n\n\n\n<figure class=\"wp-block-image alignleft size-large is-resized\"><img loading=\"lazy\" decoding=\"async\" width=\"765\" height=\"1024\" src=\"https:\/\/endowment.org\/wp-content\/uploads\/2026\/08\/Screenshot-2026-08-04-at-9.38.53-AM-765x1024.png\" alt=\"\" class=\"wp-image-25273\" style=\"aspect-ratio:0.7467119219346627;width:335px;height:auto\" srcset=\"https:\/\/endowment.org\/wp-content\/uploads\/2026\/08\/Screenshot-2026-08-04-at-9.38.53-AM-765x1024.png 765w, https:\/\/endowment.org\/wp-content\/uploads\/2026\/08\/Screenshot-2026-08-04-at-9.38.53-AM-224x300.png 224w, https:\/\/endowment.org\/wp-content\/uploads\/2026\/08\/Screenshot-2026-08-04-at-9.38.53-AM-768x1029.png 768w, https:\/\/endowment.org\/wp-content\/uploads\/2026\/08\/Screenshot-2026-08-04-at-9.38.53-AM-540x723.png 540w, https:\/\/endowment.org\/wp-content\/uploads\/2026\/08\/Screenshot-2026-08-04-at-9.38.53-AM-900x1205.png 900w, https:\/\/endowment.org\/wp-content\/uploads\/2026\/08\/Screenshot-2026-08-04-at-9.38.53-AM.png 1132w\" sizes=\"auto, (max-width: 765px) 100vw, 765px\" \/><\/figure>\n\n\n\n<p class=\"wp-block-paragraph\">Nacido en Spirit Lake, Iowa, y criado en Waverly, Tom mantuvo los valores de su crianza en el Medio Oeste durante toda su vida. Se gradu\u00f3 en Administraci\u00f3n de Empresas y Marketing en Wartburg College, donde conoci\u00f3 a su esposa durante 40 a\u00f1os, Jennifer. Juntos, criaron a tres hijas, Lauren, Addison y Maggie, mientras la carrera de Tom llevaba a su familia por todo el pa\u00eds y les presentaba amistades para toda la vida. Su mayor alegr\u00eda siempre fueron las personas m\u00e1s cercanas a \u00e9l, incluido su nieto, Wesley, quien cari\u00f1osamente lo conoc\u00eda como \u201cabuelo Tom\u201d, y su nieta de 5 semanas, Grace.\u00a0<strong><a href=\"https:\/\/www.sullivanfamilyfuneralhomes.com\/obituaries\/Tom-Douglas-Moeller?obId=49150824\" target=\"_blank\" rel=\"noreferrer noopener\">Su esquela completa se puede leer aqu\u00ed<\/a><\/strong> junto con el <strong><a href=\"https:\/\/safnow.org\/2026\/08\/05\/obituary-tom-moeller-1963-2026\/\" data-type=\"link\" data-id=\"https:\/\/safnow.org\/2026\/08\/05\/obituary-tom-moeller-1963-2026\/\">Homenaje de la Sociedad de Floristas Estadounidenses (SAF)<\/a><\/strong>.<\/p>\n\n\n\n<p class=\"wp-block-paragraph\">Se llevar\u00e1 a cabo un velorio conmemorativo el viernes 7 de agosto de 2026, de 3:00 p.m. a 7:00 p.m. en la Funeraria Sullivan, 60 South Grant Street, Hinsdale, Illinois. En consonancia con todo lo que le encantaba a Tom, los invitados pueden usar ropa de los Iowa Hawkeyes o vestimenta en negro y dorado. Se llevar\u00e1 a cabo un servicio f\u00fanebre el s\u00e1bado 8 de agosto de 2026, a las 10:00 a.m. en la Iglesia Luterana Redeemer, 139 East First Street, Hinsdale, Illinois.&nbsp;<\/p>\n\n\n\n<p class=\"wp-block-paragraph\">Puedes rendir homenaje a la memoria de Tom haciendo una donaci\u00f3n a la&nbsp;<strong>Homenaje en memoria de Tom Moeller<\/strong>,beneficiando a&nbsp;<strong>Fondo FTD<\/strong>. Las contribuciones se pueden hacer <a href=\"https:\/\/endowment.networkforgood.com\/projects\/71074-donate-to-afe\" data-type=\"link\" data-id=\"https:\/\/endowment.networkforgood.com\/projects\/71074-donate-to-afe\"><strong>conectado aqu\u00ed<\/strong><\/a> o mediante el env\u00edo de un cheque con <strong><a href=\"https:\/\/endowment.org\/wp-content\/uploads\/2026\/08\/Moeller_Memorial-Tribute-Form_Fillable.pdf\">este formulario<\/a><\/strong> a AFE. <\/p>\n\n\n\n<p class=\"wp-block-paragraph\"><strong>Fundaci\u00f3n Floral Americana<\/strong><br><strong>c\/o Homenaje P\u00f3stumo a Tom Moeller<\/strong><br><strong>610 Madison Street, Suite 101, PMB 803<\/strong><br><strong>Alexandria, VA 22314<\/strong><\/p>\n\n\n\n<p class=\"wp-block-paragraph\"><em>Se notificar\u00e1 a la familia de todas las donaciones y se pueden hacer contribuciones de cualquier monto.<\/em><\/p>","protected":false},"template":"","news-categories":[32,31,48,29],"class_list":["post-25261","news","type-news","status-publish","hentry","news-categories-donors","news-categories-latest-news","news-categories-memorials","news-categories-news"],"acf":[],"yoast_head":"<!-- This site is optimized with the Yoast SEO plugin v28.4 - https:\/\/yoast.com\/product\/yoast-seo-wordpress\/ -->\n<title>Memorial Tribute Established Honoring Tom Moeller\u00a0 - American Floral Endowment<\/title>\n<meta name=\"robots\" content=\"index, follow, max-snippet:-1, max-image-preview:large, max-video-preview:-1\" \/>\n<link rel=\"canonical\" href=\"https:\/\/endowment.org\/es\/noticias\/homenaje-postumo-a-tom-moeller\/\" \/>\n<meta property=\"og:locale\" content=\"es_ES\" \/>\n<meta property=\"og:type\" content=\"article\" \/>\n<meta property=\"og:title\" content=\"Memorial Tribute Established Honoring Tom Moeller\u00a0 - American Floral Endowment\" \/>\n<meta property=\"og:description\" content=\"A memorial tribute has been&nbsp;established&nbsp;by FTD through the American Floral Endowment (AFE) in honor of Tom Douglas Moeller, who passed away on July 26, 2026, at the age of 62.&nbsp; Tom dedicated more than&nbsp;15 years&nbsp;to supporting florists, building meaningful relationships, and strengthening the floral industry through thoughtful leadership. He became known not only for his [&hellip;]\" \/>\n<meta property=\"og:url\" content=\"https:\/\/endowment.org\/es\/noticias\/homenaje-postumo-a-tom-moeller\/\" \/>\n<meta property=\"og:site_name\" content=\"American Floral Endowment\" \/>\n<meta property=\"article:modified_time\" content=\"2026-08-18T18:20:58+00:00\" \/>\n<meta property=\"og:image\" content=\"https:\/\/endowment.org\/wp-content\/uploads\/2026\/08\/Screenshot-2026-08-04-at-9.26.43-AM.png\" \/>\n\t<meta property=\"og:image:width\" content=\"1134\" \/>\n\t<meta property=\"og:image:height\" content=\"1432\" \/>\n\t<meta property=\"og:image:type\" content=\"image\/png\" \/>\n<meta name=\"twitter:card\" content=\"summary_large_image\" \/>\n<meta name=\"twitter:label1\" content=\"Est. reading time\" \/>\n\t<meta name=\"twitter:data1\" content=\"4 minutes\" \/>\n<script type=\"application\/ld+json\" class=\"yoast-schema-graph\">{\"@context\":\"https:\\\/\\\/schema.org\",\"@graph\":[{\"@type\":\"WebPage\",\"@id\":\"https:\\\/\\\/endowment.org\\\/news\\\/memorial-tribute-tom-moeller\\\/\",\"url\":\"https:\\\/\\\/endowment.org\\\/news\\\/memorial-tribute-tom-moeller\\\/\",\"name\":\"Memorial Tribute Established Honoring Tom Moeller\u00a0 - American Floral Endowment\",\"isPartOf\":{\"@id\":\"https:\\\/\\\/endowment.org\\\/#website\"},\"primaryImageOfPage\":{\"@id\":\"https:\\\/\\\/endowment.org\\\/news\\\/memorial-tribute-tom-moeller\\\/#primaryimage\"},\"image\":{\"@id\":\"https:\\\/\\\/endowment.org\\\/news\\\/memorial-tribute-tom-moeller\\\/#primaryimage\"},\"thumbnailUrl\":\"https:\\\/\\\/endowment.org\\\/wp-content\\\/uploads\\\/2026\\\/08\\\/Screenshot-2026-08-04-at-9.26.43-AM-811x1024.png\",\"datePublished\":\"2026-08-04T18:44:56+00:00\",\"dateModified\":\"2026-08-18T18:20:58+00:00\",\"breadcrumb\":{\"@id\":\"https:\\\/\\\/endowment.org\\\/news\\\/memorial-tribute-tom-moeller\\\/#breadcrumb\"},\"inLanguage\":\"es-ES\",\"potentialAction\":[{\"@type\":\"ReadAction\",\"target\":[\"https:\\\/\\\/endowment.org\\\/news\\\/memorial-tribute-tom-moeller\\\/\"]}]},{\"@type\":\"ImageObject\",\"inLanguage\":\"es-ES\",\"@id\":\"https:\\\/\\\/endowment.org\\\/news\\\/memorial-tribute-tom-moeller\\\/#primaryimage\",\"url\":\"https:\\\/\\\/endowment.org\\\/wp-content\\\/uploads\\\/2026\\\/08\\\/Screenshot-2026-08-04-at-9.26.43-AM-811x1024.png\",\"contentUrl\":\"https:\\\/\\\/endowment.org\\\/wp-content\\\/uploads\\\/2026\\\/08\\\/Screenshot-2026-08-04-at-9.26.43-AM-811x1024.png\"},{\"@type\":\"BreadcrumbList\",\"@id\":\"https:\\\/\\\/endowment.org\\\/news\\\/memorial-tribute-tom-moeller\\\/#breadcrumb\",\"itemListElement\":[{\"@type\":\"ListItem\",\"position\":1,\"name\":\"Home\",\"item\":\"https:\\\/\\\/endowment.org\\\/\"},{\"@type\":\"ListItem\",\"position\":2,\"name\":\"Memorial Tribute Established Honoring Tom Moeller\u00a0\"}]},{\"@type\":\"WebSite\",\"@id\":\"https:\\\/\\\/endowment.org\\\/#website\",\"url\":\"https:\\\/\\\/endowment.org\\\/\",\"name\":\"American Floral Endowment\",\"description\":\"Funding the Future of Floriculture\",\"potentialAction\":[{\"@type\":\"SearchAction\",\"target\":{\"@type\":\"EntryPoint\",\"urlTemplate\":\"https:\\\/\\\/endowment.org\\\/?s={search_term_string}\"},\"query-input\":{\"@type\":\"PropertyValueSpecification\",\"valueRequired\":true,\"valueName\":\"search_term_string\"}}],\"inLanguage\":\"es-ES\"}]}<\/script>\n<!-- \/ Yoast SEO plugin. -->","yoast_head_json":{"title":"Homenaje memorial establecido en honor a Tom Moeller - American Floral Endowment","robots":{"index":"index","follow":"follow","max-snippet":"max-snippet:-1","max-image-preview":"max-image-preview:large","max-video-preview":"max-video-preview:-1"},"canonical":"https:\/\/endowment.org\/es\/noticias\/homenaje-postumo-a-tom-moeller\/","og_locale":"es_ES","og_type":"article","og_title":"Memorial Tribute Established Honoring Tom Moeller\u00a0 - American Floral Endowment","og_description":"A memorial tribute has been&nbsp;established&nbsp;by FTD through the American Floral Endowment (AFE) in honor of Tom Douglas Moeller, who passed away on July 26, 2026, at the age of 62.&nbsp; Tom dedicated more than&nbsp;15 years&nbsp;to supporting florists, building meaningful relationships, and strengthening the floral industry through thoughtful leadership. He became known not only for his [&hellip;]","og_url":"https:\/\/endowment.org\/es\/noticias\/homenaje-postumo-a-tom-moeller\/","og_site_name":"American Floral Endowment","article_modified_time":"2026-08-18T18:20:58+00:00","og_image":[{"width":1134,"height":1432,"url":"https:\/\/endowment.org\/wp-content\/uploads\/2026\/08\/Screenshot-2026-08-04-at-9.26.43-AM.png","type":"image\/png"}],"twitter_card":"summary_large_image","twitter_misc":{"Est. reading time":"4 minutes"},"schema":{"@context":"https:\/\/schema.org","@graph":[{"@type":"WebPage","@id":"https:\/\/endowment.org\/news\/memorial-tribute-tom-moeller\/","url":"https:\/\/endowment.org\/news\/memorial-tribute-tom-moeller\/","name":"Homenaje memorial establecido en honor a Tom Moeller - American Floral Endowment","isPartOf":{"@id":"https:\/\/endowment.org\/#website"},"primaryImageOfPage":{"@id":"https:\/\/endowment.org\/news\/memorial-tribute-tom-moeller\/#primaryimage"},"image":{"@id":"https:\/\/endowment.org\/news\/memorial-tribute-tom-moeller\/#primaryimage"},"thumbnailUrl":"https:\/\/endowment.org\/wp-content\/uploads\/2026\/08\/Screenshot-2026-08-04-at-9.26.43-AM-811x1024.png","datePublished":"2026-08-04T18:44:56+00:00","dateModified":"2026-08-18T18:20:58+00:00","breadcrumb":{"@id":"https:\/\/endowment.org\/news\/memorial-tribute-tom-moeller\/#breadcrumb"},"inLanguage":"es-ES","potentialAction":[{"@type":"ReadAction","target":["https:\/\/endowment.org\/news\/memorial-tribute-tom-moeller\/"]}]},{"@type":"ImageObject","inLanguage":"es-ES","@id":"https:\/\/endowment.org\/news\/memorial-tribute-tom-moeller\/#primaryimage","url":"https:\/\/endowment.org\/wp-content\/uploads\/2026\/08\/Screenshot-2026-08-04-at-9.26.43-AM-811x1024.png","contentUrl":"https:\/\/endowment.org\/wp-content\/uploads\/2026\/08\/Screenshot-2026-08-04-at-9.26.43-AM-811x1024.png"},{"@type":"BreadcrumbList","@id":"https:\/\/endowment.org\/news\/memorial-tribute-tom-moeller\/#breadcrumb","itemListElement":[{"@type":"ListItem","position":1,"name":"Home","item":"https:\/\/endowment.org\/"},{"@type":"ListItem","position":2,"name":"Memorial Tribute Established Honoring Tom Moeller\u00a0"}]},{"@type":"WebSite","@id":"https:\/\/endowment.org\/#website","url":"https:\/\/endowment.org\/","name":"Fundaci\u00f3n Floral Americana","description":"Financiaci\u00f3n del futuro de la floricultura","potentialAction":[{"@type":"SearchAction","target":{"@type":"EntryPoint","urlTemplate":"https:\/\/endowment.org\/?s={search_term_string}"},"query-input":{"@type":"PropertyValueSpecification","valueRequired":true,"valueName":"search_term_string"}}],"inLanguage":"es-ES"}]}},"_links":{"self":[{"href":"https:\/\/endowment.org\/es\/wp-json\/wp\/v2\/news\/25261","targetHints":{"allow":["GET"]}}],"collection":[{"href":"https:\/\/endowment.org\/es\/wp-json\/wp\/v2\/news"}],"about":[{"href":"https:\/\/endowment.org\/es\/wp-json\/wp\/v2\/types\/news"}],"version-history":[{"count":22,"href":"https:\/\/endowment.org\/es\/wp-json\/wp\/v2\/news\/25261\/revisions"}],"predecessor-version":[{"id":25441,"href":"https:\/\/endowment.org\/es\/wp-json\/wp\/v2\/news\/25261\/revisions\/25441"}],"wp:attachment":[{"href":"https:\/\/endowment.org\/es\/wp-json\/wp\/v2\/media?parent=25261"}],"wp:term":[{"taxonomy":"news-categories","embeddable":true,"href":"https:\/\/endowment.org\/es\/wp-json\/wp\/v2\/news-categories?post=25261"}],"curies":[{"name":"bien jugado","href":"https:\/\/api.w.org\/{rel}","templated":true}]}}