{"id":2487,"date":"2013-04-02T13:44:00","date_gmt":"2013-04-02T13:44:00","guid":{"rendered":"https:\/\/afe.epicenter1.com\/news\/remembering-jacob-van-namen-floral-industry-pioneer"},"modified":"2024-03-18T21:48:29","modified_gmt":"2024-03-18T21:48:29","slug":"recordando-a-jacob-van-namen-pionero-de-la-industria-floral","status":"publish","type":"news","link":"https:\/\/endowment.org\/es\/news\/remembering-jacob-van-namen-floral-industry-pioneer","title":{"rendered":"Recordando a Jacob Van Namen, pionero de la industria floral"},"content":{"rendered":"<p class=\"wp-block-paragraph\"><a href=\"https:\/\/endowment.org\/wp-content\/uploads\/2013\/04\/van_namen_1.jpg\"><img fetchpriority=\"high\" decoding=\"async\" class=\"size-medium wp-image-1738 alignright\" src=\"https:\/\/endowment.org\/wp-content\/uploads\/imported-files\/van_namen_1-193x300.jpg\" alt=\"Jacob Van Namen\" width=\"193\" height=\"300\" srcset=\"https:\/\/endowment.org\/wp-content\/uploads\/2013\/04\/van_namen_1-193x300.jpg 193w, https:\/\/endowment.org\/wp-content\/uploads\/2013\/04\/van_namen_1-250x388.jpg 250w, https:\/\/endowment.org\/wp-content\/uploads\/2013\/04\/van_namen_1.jpg 279w\" sizes=\"(max-width: 193px) 100vw, 193px\"><\/a>Jacob Van Namen, fundador de Vans Floral Products y exadministrador de la AFE, falleci\u00f3 el 31 de marzo de 2013 en Chicago. Ten\u00eda 90 a\u00f1os.<\/p><p>Un exitoso empresario de Holanda, el Sr. Van Namen emigr\u00f3 a los Estados Unidos en 1955 con su esposa Rita y sus dos hijos, Jack y John. La familia se estableci\u00f3 en Chicago, donde el Sr. Van Namen trabaj\u00f3 en una variedad de empleos hasta ser contratado por DeBoer Wholesale Florist.<\/p><p>Para 1960, ya era socio del negocio y pronto asumi\u00f3 la propiedad de la empresa, que pas\u00f3 a llamarse Van\u2019s Wholesale Florists. \u201cVan\u201d hizo crecer la empresa desde una sola ubicaci\u00f3n en el \u00e1rea de Chicago hasta 12 centros de distribuci\u00f3n en seis estados en la d\u00e9cada de 1990. A medida que su familia crec\u00eda, sus hijos y su hija siguieron los pasos de su padre para participar activamente en el negocio, junto con algunos de sus nietos en a\u00f1os posteriores.<\/p><p>El Sr. Van Namen cre\u00eda firmemente en compartir su tiempo, talento y recursos en su comunidad y en la industria floral mediante el apoyo a numerosas organizaciones sin fines de lucro y basadas en la fe. Se desempe\u00f1\u00f3 como s\u00edndico de la AFE, as\u00ed como en comit\u00e9s y juntas directivas de la Asociaci\u00f3n de Mayoristas de Floristas y Proveedores de Floristas (WF&amp;FSA) y la Sociedad de Floristas Estadounidenses (SAF). La WF&amp;FSA lo honr\u00f3 con el Premio al Servicio Distinguido Leland T. Kintzele, y recibi\u00f3 numerosos premios y reconocimientos adicionales a lo largo de su carrera.<\/p><p>El Sr. Van Namen promovi\u00f3 la educaci\u00f3n superior como miembro del patronato del Trinity Christian College en Palos Heights, Illinois, donde contribuy\u00f3 a varios proyectos de construcci\u00f3n. Tambi\u00e9n apoy\u00f3 el programa de horticultura de la Universidad Estatal de M\u00edchigan con contribuciones a los Jardines Internacionales de Horticultura. Adem\u00e1s de sus logros en la industria, el Sr. Van Namen fue nombrado Oficial de la Orden de Orange-Nassau, la condecoraci\u00f3n civil m\u00e1s alta de los Pa\u00edses Bajos, por su papel en la promoci\u00f3n y el avance de las relaciones comerciales entre los Pa\u00edses Bajos y Estados Unidos.<br>El Sr. Van Namen se mantuvo activo en el negocio e influyente en la industria hasta principios de sus 80 a\u00f1os. Le sobrevive su devota esposa durante 65 a\u00f1os, Rita; fue un padre amoroso de Jack (Carolynn), John (Tracy), Joyce (Rick Mast), Jim (Barbara); querido suegro de Ineke y Cyndy; apreciado abuelo de 13 y amado bisabuelo de 15; precedido en la muerte por un hijo, Tony, y una nieta, Jacqueline Van Namen Coakley.<\/p><p>El Sr. Van Namen y su esposa establecieron la Beca de Marketing Jacob y Rita Van Namen en 1997. Administrada por AFE, esta beca est\u00e1 destinada a personas informadas y creativas con inter\u00e9s en el marketing agroindustrial o la distribuci\u00f3n de productos florales. Amigos y colegas pueden hacer una donaci\u00f3n en memoria a la beca o al Trinity Christian College, que el Sr. Van Namen apoy\u00f3 con su tiempo y recursos durante muchos a\u00f1os.<\/p><p>Para contribuir a la beca de marketing Jacob and Rita Van Namen, <a title=\"Donar\" href=\"https:\/\/endowment.org\/es\/donar\/\" target=\"_blank\" rel=\"noopener noreferrer\"><strong>donar en l\u00ednea<\/strong><\/a> y especifique que la donaci\u00f3n es para la beca de marketing Jacob and Rita Van Namen. Las contribuciones tambi\u00e9n se pueden enviar por correo a:<\/p><p align=\"center\"><strong>Fundaci\u00f3n Floral Americana<br>c\/o The Jacob and Rita Van Namen Marketing Scholarship<br>1601 Duke Street<br>Alexandria, VA 22314<\/strong><\/p><p>Las contribuciones a la AFE son deducibles de impuestos y se notificar\u00e1 a la familia sobre todas las contribuciones.<\/p>","protected":false},"template":"","news-categories":[32,31,48,29],"class_list":["post-2487","news","type-news","status-publish","hentry","news-categories-donors","news-categories-latest-news","news-categories-memorials","news-categories-news"],"acf":[],"yoast_head":"<!-- This site is optimized with the Yoast SEO plugin v28.4 - https:\/\/yoast.com\/product\/yoast-seo-wordpress\/ -->\n<title>Remembering Jacob Van Namen, Floral Industry Pioneer - AFE<\/title>\n<meta name=\"description\" content=\"Jacob Van Namen, founder of Vans Floral Products and former AFE Trustee, died March 31, 2013. Donations to his AFE scholarship fund can be made online.Jacob Van Namen, founder of Vans Floral Products and former AFE Trustee, died March 31, 2013. Donations to his AFE scholarship fund can be made online.\" \/>\n<meta name=\"robots\" content=\"index, follow, max-snippet:-1, max-image-preview:large, max-video-preview:-1\" \/>\n<link rel=\"canonical\" href=\"https:\/\/endowment.org\/es\/noticias\/recordando-a-jacob-van-namen-pionero-de-la-industria-floral\/\" \/>\n<meta property=\"og:locale\" content=\"es_ES\" \/>\n<meta property=\"og:type\" content=\"article\" \/>\n<meta property=\"og:title\" content=\"Remembering Jacob Van Namen, Floral Industry Pioneer - AFE\" \/>\n<meta property=\"og:description\" content=\"Jacob Van Namen, founder of Vans Floral Products and former AFE Trustee, died March 31, 2013. Donations to his AFE scholarship fund can be made online.Jacob Van Namen, founder of Vans Floral Products and former AFE Trustee, died March 31, 2013. Donations to his AFE scholarship fund can be made online.\" \/>\n<meta property=\"og:url\" content=\"https:\/\/endowment.org\/es\/noticias\/recordando-a-jacob-van-namen-pionero-de-la-industria-floral\/\" \/>\n<meta property=\"og:site_name\" content=\"American Floral Endowment\" \/>\n<meta property=\"article:modified_time\" content=\"2024-03-18T21:48:29+00:00\" \/>\n<meta property=\"og:image\" content=\"https:\/\/endowment.org\/wp-content\/uploads\/imported-files\/van_namen_1-193x300.jpg\" \/>\n<meta name=\"twitter:card\" content=\"summary_large_image\" \/>\n<meta name=\"twitter:label1\" content=\"Est. reading time\" \/>\n\t<meta name=\"twitter:data1\" content=\"2 minutes\" \/>\n<script type=\"application\/ld+json\" class=\"yoast-schema-graph\">{\"@context\":\"https:\\\/\\\/schema.org\",\"@graph\":[{\"@type\":\"WebPage\",\"@id\":\"https:\\\/\\\/endowment.org\\\/news\\\/remembering-jacob-van-namen-floral-industry-pioneer\\\/\",\"url\":\"https:\\\/\\\/endowment.org\\\/news\\\/remembering-jacob-van-namen-floral-industry-pioneer\\\/\",\"name\":\"Remembering Jacob Van Namen, Floral Industry Pioneer - AFE\",\"isPartOf\":{\"@id\":\"https:\\\/\\\/endowment.org\\\/#website\"},\"primaryImageOfPage\":{\"@id\":\"https:\\\/\\\/endowment.org\\\/news\\\/remembering-jacob-van-namen-floral-industry-pioneer\\\/#primaryimage\"},\"image\":{\"@id\":\"https:\\\/\\\/endowment.org\\\/news\\\/remembering-jacob-van-namen-floral-industry-pioneer\\\/#primaryimage\"},\"thumbnailUrl\":\"https:\\\/\\\/endowment.org\\\/wp-content\\\/uploads\\\/imported-files\\\/van_namen_1-193x300.jpg\",\"datePublished\":\"2013-04-02T13:44:00+00:00\",\"dateModified\":\"2024-03-18T21:48:29+00:00\",\"description\":\"Jacob Van Namen, founder of Vans Floral Products and former AFE Trustee, died March 31, 2013. Donations to his AFE scholarship fund can be made online.Jacob Van Namen, founder of Vans Floral Products and former AFE Trustee, died March 31, 2013. Donations to his AFE scholarship fund can be made online.\",\"breadcrumb\":{\"@id\":\"https:\\\/\\\/endowment.org\\\/news\\\/remembering-jacob-van-namen-floral-industry-pioneer\\\/#breadcrumb\"},\"inLanguage\":\"es-ES\",\"potentialAction\":[{\"@type\":\"ReadAction\",\"target\":[\"https:\\\/\\\/endowment.org\\\/news\\\/remembering-jacob-van-namen-floral-industry-pioneer\\\/\"]}]},{\"@type\":\"ImageObject\",\"inLanguage\":\"es-ES\",\"@id\":\"https:\\\/\\\/endowment.org\\\/news\\\/remembering-jacob-van-namen-floral-industry-pioneer\\\/#primaryimage\",\"url\":\"https:\\\/\\\/endowment.org\\\/wp-content\\\/uploads\\\/imported-files\\\/van_namen_1-193x300.jpg\",\"contentUrl\":\"https:\\\/\\\/endowment.org\\\/wp-content\\\/uploads\\\/imported-files\\\/van_namen_1-193x300.jpg\"},{\"@type\":\"BreadcrumbList\",\"@id\":\"https:\\\/\\\/endowment.org\\\/news\\\/remembering-jacob-van-namen-floral-industry-pioneer\\\/#breadcrumb\",\"itemListElement\":[{\"@type\":\"ListItem\",\"position\":1,\"name\":\"Home\",\"item\":\"https:\\\/\\\/endowment.org\\\/\"},{\"@type\":\"ListItem\",\"position\":2,\"name\":\"Remembering Jacob Van Namen, Floral Industry Pioneer\"}]},{\"@type\":\"WebSite\",\"@id\":\"https:\\\/\\\/endowment.org\\\/#website\",\"url\":\"https:\\\/\\\/endowment.org\\\/\",\"name\":\"American Floral Endowment\",\"description\":\"Funding the Future of Floriculture\",\"potentialAction\":[{\"@type\":\"SearchAction\",\"target\":{\"@type\":\"EntryPoint\",\"urlTemplate\":\"https:\\\/\\\/endowment.org\\\/?s={search_term_string}\"},\"query-input\":{\"@type\":\"PropertyValueSpecification\",\"valueRequired\":true,\"valueName\":\"search_term_string\"}}],\"inLanguage\":\"es-ES\"}]}<\/script>\n<!-- \/ Yoast SEO plugin. -->","yoast_head_json":{"title":"Recordando a Jacob Van Namen, pionero de la industria floral - AFE","description":"Jacob Van Namen, fundador de Vans Floral Products y exadministrador de la AFE, falleci\u00f3 el 31 de marzo de 2013. Se pueden hacer donaciones a su fondo de becas de la AFE en l\u00ednea.","robots":{"index":"index","follow":"follow","max-snippet":"max-snippet:-1","max-image-preview":"max-image-preview:large","max-video-preview":"max-video-preview:-1"},"canonical":"https:\/\/endowment.org\/es\/noticias\/recordando-a-jacob-van-namen-pionero-de-la-industria-floral\/","og_locale":"es_ES","og_type":"article","og_title":"Remembering Jacob Van Namen, Floral Industry Pioneer - AFE","og_description":"Jacob Van Namen, founder of Vans Floral Products and former AFE Trustee, died March 31, 2013. Donations to his AFE scholarship fund can be made online.Jacob Van Namen, founder of Vans Floral Products and former AFE Trustee, died March 31, 2013. Donations to his AFE scholarship fund can be made online.","og_url":"https:\/\/endowment.org\/es\/noticias\/recordando-a-jacob-van-namen-pionero-de-la-industria-floral\/","og_site_name":"American Floral Endowment","article_modified_time":"2024-03-18T21:48:29+00:00","og_image":[{"url":"https:\/\/endowment.org\/wp-content\/uploads\/imported-files\/van_namen_1-193x300.jpg","type":"","width":"","height":""}],"twitter_card":"summary_large_image","twitter_misc":{"Est. reading time":"2 minutes"},"schema":{"@context":"https:\/\/schema.org","@graph":[{"@type":"WebPage","@id":"https:\/\/endowment.org\/news\/remembering-jacob-van-namen-floral-industry-pioneer\/","url":"https:\/\/endowment.org\/news\/remembering-jacob-van-namen-floral-industry-pioneer\/","name":"Recordando a Jacob Van Namen, pionero de la industria floral - AFE","isPartOf":{"@id":"https:\/\/endowment.org\/#website"},"primaryImageOfPage":{"@id":"https:\/\/endowment.org\/news\/remembering-jacob-van-namen-floral-industry-pioneer\/#primaryimage"},"image":{"@id":"https:\/\/endowment.org\/news\/remembering-jacob-van-namen-floral-industry-pioneer\/#primaryimage"},"thumbnailUrl":"https:\/\/endowment.org\/wp-content\/uploads\/imported-files\/van_namen_1-193x300.jpg","datePublished":"2013-04-02T13:44:00+00:00","dateModified":"2024-03-18T21:48:29+00:00","description":"Jacob Van Namen, fundador de Vans Floral Products y exadministrador de la AFE, falleci\u00f3 el 31 de marzo de 2013. Se pueden hacer donaciones a su fondo de becas de la AFE en l\u00ednea.","breadcrumb":{"@id":"https:\/\/endowment.org\/news\/remembering-jacob-van-namen-floral-industry-pioneer\/#breadcrumb"},"inLanguage":"es-ES","potentialAction":[{"@type":"ReadAction","target":["https:\/\/endowment.org\/news\/remembering-jacob-van-namen-floral-industry-pioneer\/"]}]},{"@type":"ImageObject","inLanguage":"es-ES","@id":"https:\/\/endowment.org\/news\/remembering-jacob-van-namen-floral-industry-pioneer\/#primaryimage","url":"https:\/\/endowment.org\/wp-content\/uploads\/imported-files\/van_namen_1-193x300.jpg","contentUrl":"https:\/\/endowment.org\/wp-content\/uploads\/imported-files\/van_namen_1-193x300.jpg"},{"@type":"BreadcrumbList","@id":"https:\/\/endowment.org\/news\/remembering-jacob-van-namen-floral-industry-pioneer\/#breadcrumb","itemListElement":[{"@type":"ListItem","position":1,"name":"Home","item":"https:\/\/endowment.org\/"},{"@type":"ListItem","position":2,"name":"Remembering Jacob Van Namen, Floral Industry Pioneer"}]},{"@type":"WebSite","@id":"https:\/\/endowment.org\/#website","url":"https:\/\/endowment.org\/","name":"Fundaci\u00f3n Floral Americana","description":"Financiaci\u00f3n del futuro de la floricultura","potentialAction":[{"@type":"SearchAction","target":{"@type":"EntryPoint","urlTemplate":"https:\/\/endowment.org\/?s={search_term_string}"},"query-input":{"@type":"PropertyValueSpecification","valueRequired":true,"valueName":"search_term_string"}}],"inLanguage":"es-ES"}]}},"_links":{"self":[{"href":"https:\/\/endowment.org\/es\/wp-json\/wp\/v2\/news\/2487","targetHints":{"allow":["GET"]}}],"collection":[{"href":"https:\/\/endowment.org\/es\/wp-json\/wp\/v2\/news"}],"about":[{"href":"https:\/\/endowment.org\/es\/wp-json\/wp\/v2\/types\/news"}],"version-history":[{"count":1,"href":"https:\/\/endowment.org\/es\/wp-json\/wp\/v2\/news\/2487\/revisions"}],"predecessor-version":[{"id":2878,"href":"https:\/\/endowment.org\/es\/wp-json\/wp\/v2\/news\/2487\/revisions\/2878"}],"wp:attachment":[{"href":"https:\/\/endowment.org\/es\/wp-json\/wp\/v2\/media?parent=2487"}],"wp:term":[{"taxonomy":"news-categories","embeddable":true,"href":"https:\/\/endowment.org\/es\/wp-json\/wp\/v2\/news-categories?post=2487"}],"curies":[{"name":"bien jugado","href":"https:\/\/api.w.org\/{rel}","templated":true}]}}