{"id":24699,"date":"2026-05-21T17:31:49","date_gmt":"2026-05-21T17:31:49","guid":{"rendered":"https:\/\/endowment.org\/?post_type=news&#038;p=24699"},"modified":"2026-05-26T18:19:00","modified_gmt":"2026-05-26T18:19:00","slug":"2026-paul-thomas","status":"publish","type":"news","link":"https:\/\/endowment.org\/es\/news\/2026-paul-thomas","title":{"rendered":"Alana Wood nombrada Becaria Paul Thomas del A\u00f1o 2026"},"content":{"rendered":"<p class=\"wp-block-paragraph\">El premio Paul Thomas al Becario de Producci\u00f3n Flor\u00edcola del A\u00f1o destaca anualmente a un talento emergente en horticultura y ciencias de las plantas. Reconoce un rendimiento excepcional en pr\u00e1cticas a trav\u00e9s del Programa de Becas para Becarios Vic y Margaret Ball, administrado por la <a href=\"http:\/\/endowment.org\/es\/\">Endowment Floral Americano<\/a>.<\/p>\n\n\n\n<p class=\"wp-block-paragraph\">El ganador del premio al Becario de Producci\u00f3n de Floricultura Paul Thomas de 2026 es <strong>Alana Wood<\/strong>. Alana es estudiante en la Universidad Estatal de Kansas, donde se especializa en producci\u00f3n hort\u00edcola.<\/p>\n\n\n\n<figure class=\"wp-block-image alignright size-large is-resized\"><img loading=\"lazy\" decoding=\"async\" width=\"1024\" height=\"1024\" src=\"https:\/\/endowment.org\/wp-content\/uploads\/2026\/05\/Newsletter-Images-7-1024x1024.jpg\" alt=\"\" class=\"wp-image-24703\" style=\"width:312px;height:auto\" srcset=\"https:\/\/endowment.org\/wp-content\/uploads\/2026\/05\/Newsletter-Images-7-1024x1024.jpg 1024w, https:\/\/endowment.org\/wp-content\/uploads\/2026\/05\/Newsletter-Images-7-300x300.jpg 300w, https:\/\/endowment.org\/wp-content\/uploads\/2026\/05\/Newsletter-Images-7-150x150.jpg 150w, https:\/\/endowment.org\/wp-content\/uploads\/2026\/05\/Newsletter-Images-7-768x768.jpg 768w, https:\/\/endowment.org\/wp-content\/uploads\/2026\/05\/Newsletter-Images-7-540x540.jpg 540w, https:\/\/endowment.org\/wp-content\/uploads\/2026\/05\/Newsletter-Images-7-900x900.jpg 900w, https:\/\/endowment.org\/wp-content\/uploads\/2026\/05\/Newsletter-Images-7.jpg 1200w\" sizes=\"auto, (max-width: 1024px) 100vw, 1024px\" \/><\/figure>\n\n\n\n<p class=\"wp-block-paragraph\">Adem\u00e1s del ganador anual del premio, los pasantes destacados tambi\u00e9n son reconocidos y premiados como menciones de honor. Las menciones de honor del premio para 2026 son <strong>Lemuel Dill<\/strong> y <strong>Parker Carlson<\/strong>. Lemuel tambi\u00e9n es estudiante en la Universidad Estatal de Kansas, con especializaci\u00f3n en producci\u00f3n hort\u00edcola. Parker es estudiante en la Universidad Estatal de Texas, donde se especializa en agricultura con concentraci\u00f3n en horticultura.<\/p>\n\n\n\n<p class=\"wp-block-paragraph\">El galardonado con el premio al Becario de Producci\u00f3n de Floricultura Paul Thomas del a\u00f1o recibe hotel y pasaje a\u00e9reo pagados a <a href=\"https:\/\/www.cultivateevent.org\/\">Cultivar<\/a>, una convenci\u00f3n anual para la industria ecol\u00f3gica presentada por <a href=\"https:\/\/americanhort.org\/\">AmericanHort<\/a>. El evento de este a\u00f1o se celebrar\u00e1 del 11 al 14 de julio de 2026 en Columbus, Ohio. Como ganadora del premio Paul Thomas, Alana no podr\u00e1 asistir al evento Cultivate de este a\u00f1o. En su lugar, asistir\u00e1 Parker, quien disfrutar\u00e1 de una inscripci\u00f3n gratuita a la convenci\u00f3n ofrecida por AmericanHort, as\u00ed como de $500 en efectivo para gastos, cortes\u00eda del Consejo de J\u00f3venes Profesionales de la AFE. Parker tendr\u00e1 la oportunidad de establecer contactos, realizar visitas guiadas, participar en talleres y conocer mejor las necesidades del sector. Durante el evento, tambi\u00e9n tendr\u00e1 la oportunidad de hacerse una foto con representantes de la AFE y miembros del cuerpo docente, adem\u00e1s de aparecer en art\u00edculos de las publicaciones de la AFE y de la prensa especializada.<\/p>\n\n\n\n<p class=\"wp-block-paragraph\">Alana recibir\u00e1 el premio $250 y tendr\u00e1 la oportunidad de formar parte del comit\u00e9 de evaluaci\u00f3n para la selecci\u00f3n del premio Paul Thomas de 2027. Lemuel tambi\u00e9n recibir\u00e1 el premio $250 por haber obtenido una menci\u00f3n de honor.<\/p>\n\n\n\n<p class=\"wp-block-paragraph\">\u201cLas pasant\u00edas son donde la pasi\u00f3n se encuentra con la pr\u00e1ctica. Y programas como este son m\u00e1s que un simple reconocimiento. Tratan sobre invertir en el futuro de la floricultura\u201d, dijo Debi Chedester, CAE, directora ejecutiva de AFE. \u201cEstos estudiantes representan a la pr\u00f3xima generaci\u00f3n de l\u00edderes que aportar\u00e1n ideas frescas, energ\u00eda e innovaci\u00f3n a nuestra industria. Estamos orgullosos de apoyarlos en esta etapa crucial de su carrera\u201d.\u201d<\/p>\n\n\n\n<h2 class=\"wp-block-heading has-vivid-cyan-blue-color has-text-color has-link-color wp-elements-0cfab1031cc410105e917122697af888\"><strong>Acerca del premio al Becario del A\u00f1o en Producci\u00f3n de Floricultura Paul Thomas<\/strong><\/h2>\n\n\n\n<figure class=\"wp-block-image alignright size-large is-resized\"><img loading=\"lazy\" decoding=\"async\" width=\"680\" height=\"1024\" src=\"https:\/\/endowment.org\/wp-content\/uploads\/2026\/05\/Paul-Thomas-680x1024.jpg\" alt=\"\" class=\"wp-image-24704\" style=\"aspect-ratio:0.664062955406587;width:141px;height:auto\" srcset=\"https:\/\/endowment.org\/wp-content\/uploads\/2026\/05\/Paul-Thomas-680x1024.jpg 680w, https:\/\/endowment.org\/wp-content\/uploads\/2026\/05\/Paul-Thomas-199x300.jpg 199w, https:\/\/endowment.org\/wp-content\/uploads\/2026\/05\/Paul-Thomas-540x813.jpg 540w, https:\/\/endowment.org\/wp-content\/uploads\/2026\/05\/Paul-Thomas.jpg 699w\" sizes=\"auto, (max-width: 680px) 100vw, 680px\" \/><\/figure>\n\n\n\n<p class=\"wp-block-paragraph\">Este premio anual rinde homenaje al difunto Dr. Paul Thomas, profesor jubilado de la Universidad de Georgia, ferviente defensor de los programas estudiantiles y partidario del Programa de Becas Vic &amp; Margaret Ball de AFE. Los galardonados con este premio encarnan verdaderamente la pasi\u00f3n que el Dr. Thomas demostr\u00f3 por los programas estudiantiles y mantienen vivo su esp\u00edritu al buscar oportunidades en la industria. Los estudiantes que han completado con \u00e9xito una pasant\u00eda de tres, cuatro o seis meses de Vic &amp; Margaret Ball son elegibles para el premio.<\/p>\n\n\n\n<p class=\"wp-block-paragraph\"><\/p>\n\n\n\n<hr class=\"wp-block-separator aligncenter has-alpha-channel-opacity is-style-wide\"\/>\n\n\n\n<p class=\"wp-block-paragraph\"><\/p>\n\n\n\n<h5 class=\"wp-block-heading\"><strong>Alana Woods, Becaria de Producci\u00f3n de Floricultura Paul Thomas del A\u00f1o<\/strong><\/h5>\n\n\n\n<p class=\"wp-block-paragraph\"><em>Pasant\u00eda de 3 meses con <a href=\"https:\/\/www.purebeautyfarms.com\/\">Pure Beauty Farms<\/a> en Miami, Florida<\/em><\/p>\n\n\n\n<figure class=\"wp-block-image alignright size-full is-resized is-style-default\"><img loading=\"lazy\" decoding=\"async\" width=\"600\" height=\"800\" src=\"https:\/\/endowment.org\/wp-content\/uploads\/2026\/05\/Alana-Wood.jpeg\" alt=\"\" class=\"wp-image-24700\" style=\"aspect-ratio:0.7500141876170479;width:314px;height:auto\" srcset=\"https:\/\/endowment.org\/wp-content\/uploads\/2026\/05\/Alana-Wood.jpeg 600w, https:\/\/endowment.org\/wp-content\/uploads\/2026\/05\/Alana-Wood-225x300.jpeg 225w, https:\/\/endowment.org\/wp-content\/uploads\/2026\/05\/Alana-Wood-540x720.jpeg 540w\" sizes=\"auto, (max-width: 600px) 100vw, 600px\" \/><\/figure>\n\n\n\n<p class=\"wp-block-paragraph\">El tiempo que pas\u00f3 creciendo en una granja en Solomon, Kansas, se convirti\u00f3 en un profundo inter\u00e9s por la horticultura para Alana. Esa persistente pasi\u00f3n la llev\u00f3 a Miami, donde pas\u00f3 desde mayo hasta agosto de 2025 haciendo pr\u00e1cticas en Pure Beauty Farms.<\/p>\n\n\n\n<p class=\"wp-block-paragraph\">Como beneficiaria del Programa de Becas para Internos Vic y Margaret Ball de 2025, la estudiante de tercer a\u00f1o de la Universidad Estatal de Kansas pas\u00f3 ese verano sumergida en la industria, enfocada en dos proyectos principales. Alana adquiri\u00f3 una experiencia valiosa en ensayos de semillas de verano y propagaci\u00f3n de flor de pascua, adem\u00e1s de muchas lecciones que fortalecieron sus habilidades t\u00e9cnicas e interpersonales en preparaci\u00f3n para una carrera en la industria. Dijo que la pasant\u00eda la inspir\u00f3 a buscar m\u00e1s oportunidades para apoyar sus planes futuros, incluido el aprendizaje del espa\u00f1ol para comunicarse mejor con sus compa\u00f1eros de equipo.<\/p>\n\n\n\n<p class=\"wp-block-paragraph\">\u201cEsta experiencia realmente me ha abierto los ojos a muchos aspectos de esta industria de los que puedo formar parte\u201d, dijo. \u201cMe siento segura sobre mi futuro como horticultora principal y trabajando con las plantas de principio a fin\u201d.\u201d<\/p>\n\n\n\n<p class=\"wp-block-paragraph\">Alana planea graduarse con su licenciatura en producci\u00f3n hort\u00edcola y trabajar en un invernadero como asistente de cultivador, ascendiendo hasta convertirse en la cultivadora principal.<\/p>\n\n\n\n<p class=\"wp-block-paragraph\">Recibir el Premio al Becario de Producci\u00f3n de Floricultura Paul Thomas del a\u00f1o es un honor, dijo, se\u00f1alando que fue un reconocimiento bienvenido.<\/p>\n\n\n\n<p class=\"wp-block-paragraph\">\u201cDurante toda mi pasant\u00eda aprend\u00ed much\u00edsimo, y recibir este premio me hace sentir que represent\u00e9 bien a AFE y que mi duro trabajo durante el verano fue reconocido\u201d, dijo. \u201cEstoy muy agradecida por la oportunidad y por el premio. Estas son cosas que llevar\u00e9 conmigo por el resto de mi vida\u201d.\u201d<\/p>\n\n\n\n<h5 class=\"wp-block-heading\"><strong>Lemuel Dill, Menci\u00f3n de Honor<\/strong><\/h5>\n\n\n\n<p class=\"wp-block-paragraph\"><em>Pr\u00e1cticas de 6 meses con <a href=\"https:\/\/www.nealmastgreenhouses.com\/\">Invernaderos Neal Mast &amp; Son<\/a> en Grand Rapids, M\u00edchigan<\/em>&nbsp;<\/p>\n\n\n\n<figure class=\"wp-block-image alignright size-large is-resized\"><img loading=\"lazy\" decoding=\"async\" width=\"767\" height=\"1024\" src=\"https:\/\/endowment.org\/wp-content\/uploads\/2026\/05\/Lemuel-Photo-767x1024.jpg\" alt=\"\" class=\"wp-image-24702\" style=\"aspect-ratio:0.7490281675501507;width:249px;height:auto\" srcset=\"https:\/\/endowment.org\/wp-content\/uploads\/2026\/05\/Lemuel-Photo-767x1024.jpg 767w, https:\/\/endowment.org\/wp-content\/uploads\/2026\/05\/Lemuel-Photo-225x300.jpg 225w, https:\/\/endowment.org\/wp-content\/uploads\/2026\/05\/Lemuel-Photo-768x1025.jpg 768w, https:\/\/endowment.org\/wp-content\/uploads\/2026\/05\/Lemuel-Photo-1151x1536.jpg 1151w, https:\/\/endowment.org\/wp-content\/uploads\/2026\/05\/Lemuel-Photo-1535x2048.jpg 1535w, https:\/\/endowment.org\/wp-content\/uploads\/2026\/05\/Lemuel-Photo-540x721.jpg 540w, https:\/\/endowment.org\/wp-content\/uploads\/2026\/05\/Lemuel-Photo-900x1201.jpg 900w, https:\/\/endowment.org\/wp-content\/uploads\/2026\/05\/Lemuel-Photo-1440x1921.jpg 1440w, https:\/\/endowment.org\/wp-content\/uploads\/2026\/05\/Lemuel-Photo-scaled.jpg 1919w\" sizes=\"auto, (max-width: 767px) 100vw, 767px\" \/><\/figure>\n\n\n\n<p class=\"wp-block-paragraph\">Pasar medio a\u00f1o en sus pr\u00e1cticas le dio a Lemuel la oportunidad de exponerse a una variedad de experiencias, todas dependientes de la estaci\u00f3n. Desde el seguimiento gr\u00e1fico hasta todos los detalles m\u00e1s peque\u00f1os, pero vitales, que importan en la creaci\u00f3n de cultivos de calidad, Lemuel afirm\u00f3 haber obtenido valiosas perspectivas sobre c\u00f3mo funcionan los productores comerciales de plantas.<\/p>\n\n\n\n<p class=\"wp-block-paragraph\">\u201cAdquir\u00ed una gran base de conocimientos que podr\u00e9 aplicar en futuras pr\u00e1cticas que decida realizar, as\u00ed como en mi futura trayectoria profesional \u2014dijo\u2014. Estoy muy agradecido con NMG por haberme acogido como becario durante 6 meses, porque sin ellos no tendr\u00eda los conocimientos que tengo ahora sobre la industria del cultivo comercial.\u201d<\/p>\n\n\n\n<p class=\"wp-block-paragraph\">Desde su ciudad natal de Lenexa, Kansas, Lemuel es estudiante de tercer a\u00f1o en la Universidad Estatal de Kansas, donde cursa sus estudios universitarios. Al reflexionar sobre su experiencia como becario de junio a diciembre de 2025, afirm\u00f3 que para \u00e9l significa a\u00fan m\u00e1s ser reconocido con una menci\u00f3n de honor en el premio Paul Thomas.<\/p>\n\n\n\n<p class=\"wp-block-paragraph\">\u201cDa puntos extra el hecho de que vali\u00f3 la pena el tiempo. Seis meses es mucho tiempo para estar fuera, pero al mirar atr\u00e1s, cuando veo cu\u00e1nto crec\u00ed, saber que otros pudieron ver ese crecimiento consolida el hecho de que fue una experiencia realmente buena\u201d, dijo. \u201cEspero aprovechar lo que he aprendido y ense\u00f1arle a otras personas ahora que tengo una comprensi\u00f3n m\u00e1s amplia de la industria en su conjunto\u201d.\u201d<\/p>\n\n\n\n<h5 class=\"wp-block-heading\"><strong>Parker Carlson<\/strong>, <strong>Menci\u00f3n de honor<\/strong><\/h5>\n\n\n\n<p class=\"wp-block-paragraph\"><em>Pasant\u00eda de 3 meses con <a href=\"https:\/\/www.plantpeddler.com\/\">PlantPeddler<\/a> en Cresco, Iowa<\/em><\/p>\n\n\n\n<figure class=\"wp-block-image alignright size-full is-resized\"><img loading=\"lazy\" decoding=\"async\" width=\"212\" height=\"233\" src=\"https:\/\/endowment.org\/wp-content\/uploads\/2026\/05\/IMG_1024.jpg\" alt=\"\" class=\"wp-image-24701\" style=\"aspect-ratio:0.9098850164898832;width:263px;height:auto\"\/><\/figure>\n\n\n\n<p class=\"wp-block-paragraph\">Parker, estudiante de \u00faltimo a\u00f1o en la Universidad Estatal de Texas, viaj\u00f3 cientos de millas desde su escuela hasta su pasant\u00eda en PlantPeddler, en Iowa. Durante su estancia, estuvo expuesto a operaciones de invernadero a gran escala, lo que ampli\u00f3 sus conocimientos en las tareas diarias del invernadero, tales como el cuidado de las plantas, el trasplante, la inspecci\u00f3n y el cumplimiento de pedidos. En general, afirm\u00f3 que la pasant\u00eda fue una combinaci\u00f3n equilibrada de trabajo f\u00edsico, resoluci\u00f3n de problemas y gesti\u00f3n de plantas que le ayud\u00f3 a desarrollar mejor tanto sus habilidades t\u00e9cnicas como profesionales.<\/p>\n\n\n\n<p class=\"wp-block-paragraph\">La experiencia result\u00f3 ser reveladora para Parker, quien se\u00f1al\u00f3 que pudo vincular las ideas del aula con las aplicaciones del mundo real.<\/p>\n\n\n\n<p class=\"wp-block-paragraph\">\u201cLas pr\u00e1cticas me dieron la oportunidad de obtener una visi\u00f3n detallada de la horticultura profesional y de los roles que la hacen posible\u201d, afirm\u00f3. \u201cPerfeccion\u00e9 las habilidades pr\u00e1cticas ense\u00f1adas en el aula, confirm\u00e9 mi amor por la horticultura y la investigaci\u00f3n, y fortalec\u00ed mi convicci\u00f3n de combinar la producci\u00f3n de alto rendimiento con la sostenibilidad\u201d.\u201d<\/p>\n\n\n\n<p class=\"wp-block-paragraph\">Parker se siente honrado de viajar a Cultivate este a\u00f1o, una experiencia que, seg\u00fan \u00e9l, no habr\u00eda tenido de no ser por AFE y su asesor, el Dr. Cade. Dijo que est\u00e1 agradecido por esos momentos en los que fue sacado de su zona de confort y que lo prepararon para aprovechar al m\u00e1ximo las oportunidades que obtendr\u00e1 en el evento en Ohio.<\/p>\n\n\n\n<p class=\"wp-block-paragraph\">\u201cEspero conocer gente muy interesante all\u00ed y tener la oportunidad de hablarle a m\u00e1s personas sobre las oportunidades disponibles a trav\u00e9s de AFE\u201d, dijo. \u201cEsta es una oportunidad para sentirse a\u00fan m\u00e1s parte de la industria, y estar en la industria, en lugar de solo escuchar sobre ella, te ayuda a sentirte menos como un impostor. Siempre me educaron con la idea de que nunca te arrepentir\u00e1s de nada de lo que hiciste siempre y cuando lo hayas dado todo. Segu\u00ed eso en Iowa, lo har\u00e9 en Cultivate y lo seguir\u00e9 haciendo a lo largo de mi carrera\u201d.\u201d<\/p>\n\n\n\n<p class=\"wp-block-paragraph\"><\/p>\n\n\n\n<hr class=\"wp-block-separator has-alpha-channel-opacity\"\/>\n\n\n\n<p class=\"wp-block-paragraph\"><\/p>\n\n\n\n<p class=\"wp-block-paragraph\">A trav\u00e9s de todos los programas de AFE, existe un enfoque en empoderar y elevar a los j\u00f3venes profesionales. Invertir en la pr\u00f3xima generaci\u00f3n de la industria garantiza que tendremos una fuerza laboral fuerte y vibrante en los pr\u00f3ximos a\u00f1os que continuar\u00e1 avanzando hacia el progreso y la superaci\u00f3n. Nuestro <strong><a href=\"https:\/\/endowment.org\/es\/pelota\/\">Beca para Internos Vic &amp; Margaret Ball<\/a><\/strong> (producci\u00f3n) y el <a href=\"https:\/\/endowment.org\/es\/mosmiller\/\"><strong>Beca de Internado Mosmiller <\/strong><\/a>(minorista o mayorista) ofrecen a los j\u00f3venes profesionales la oportunidad de contribuir significativamente a la industria m\u00e1s all\u00e1 del aula. Estamos orgullosos de apoyar a estas personas, as\u00ed como a todos nuestros pasantes y beneficiarios de becas, para ayudar a facilitar un futuro m\u00e1s s\u00f3lido para la floricultura.<\/p>\n\n\n\n<p class=\"wp-block-paragraph\">Si est\u00e1 interesado en ser anfitri\u00f3n de una pasant\u00eda, comun\u00edquese con la Gerente de Programas de AFE, Candice Musgrove, en <strong>cmusgrove@afeendowment.org<\/strong>.&nbsp;<\/p>\n\n\n\n<p class=\"wp-block-paragraph\"><strong>Estudiantes\/Profesorado<\/strong>Obtenga m\u00e1s informaci\u00f3n sobre las oportunidades de pasant\u00edas y becas de AFE en <a href=\"https:\/\/endowment.org\/es\/estudiantes\/\"><strong>endowment.org\/students<\/strong><\/a>. Las solicitudes de becas vencen el 1 de mayo y las de pr\u00e1cticas el 1 de octubre.<\/p>","protected":false},"template":"","news-categories":[39,42,50,31,29,49,44],"class_list":["post-24699","news","type-news","status-publish","hentry","news-categories-breeder-producer","news-categories-grower","news-categories-internship","news-categories-latest-news","news-categories-news","news-categories-scholarship","news-categories-student"],"acf":[],"yoast_head":"<!-- This site is optimized with the Yoast SEO plugin v28.4 - https:\/\/yoast.com\/product\/yoast-seo-wordpress\/ -->\n<title>Alana Wood Named 2026 Paul Thomas Intern of the Year - American Floral Endowment<\/title>\n<meta name=\"robots\" content=\"index, follow, max-snippet:-1, max-image-preview:large, max-video-preview:-1\" \/>\n<link rel=\"canonical\" href=\"https:\/\/endowment.org\/es\/noticias\/2026-paul-thomas\/\" \/>\n<meta property=\"og:locale\" content=\"es_ES\" \/>\n<meta property=\"og:type\" content=\"article\" \/>\n<meta property=\"og:title\" content=\"Alana Wood Named 2026 Paul Thomas Intern of the Year - American Floral Endowment\" \/>\n<meta property=\"og:description\" content=\"The Paul Thomas Floriculture Production Intern of the Year Award annually spotlights an emerging talent in horticulture and plant sciences. It recognizes exceptional internship performance through the Vic and Margaret Ball Intern Scholarship Program, administered by the American Floral Endowment (AFE). The 2026 Paul Thomas Floriculture Production Intern of the Year recipient is Alana Wood. [&hellip;]\" \/>\n<meta property=\"og:url\" content=\"https:\/\/endowment.org\/es\/noticias\/2026-paul-thomas\/\" \/>\n<meta property=\"og:site_name\" content=\"American Floral Endowment\" \/>\n<meta property=\"article:modified_time\" content=\"2026-05-26T18:19:00+00:00\" \/>\n<meta property=\"og:image\" content=\"https:\/\/endowment.org\/wp-content\/uploads\/2026\/05\/Newsletter-Images-7.jpg\" \/>\n\t<meta property=\"og:image:width\" content=\"1200\" \/>\n\t<meta property=\"og:image:height\" content=\"1200\" \/>\n\t<meta property=\"og:image:type\" content=\"image\/jpeg\" \/>\n<meta name=\"twitter:card\" content=\"summary_large_image\" \/>\n<meta name=\"twitter:label1\" content=\"Est. reading time\" \/>\n\t<meta name=\"twitter:data1\" content=\"8 minutes\" \/>\n<script type=\"application\/ld+json\" class=\"yoast-schema-graph\">{\"@context\":\"https:\\\/\\\/schema.org\",\"@graph\":[{\"@type\":\"WebPage\",\"@id\":\"https:\\\/\\\/endowment.org\\\/news\\\/2026-paul-thomas\\\/\",\"url\":\"https:\\\/\\\/endowment.org\\\/news\\\/2026-paul-thomas\\\/\",\"name\":\"Alana Wood Named 2026 Paul Thomas Intern of the Year - American Floral Endowment\",\"isPartOf\":{\"@id\":\"https:\\\/\\\/endowment.org\\\/#website\"},\"primaryImageOfPage\":{\"@id\":\"https:\\\/\\\/endowment.org\\\/news\\\/2026-paul-thomas\\\/#primaryimage\"},\"image\":{\"@id\":\"https:\\\/\\\/endowment.org\\\/news\\\/2026-paul-thomas\\\/#primaryimage\"},\"thumbnailUrl\":\"https:\\\/\\\/endowment.org\\\/wp-content\\\/uploads\\\/2026\\\/05\\\/Newsletter-Images-7-1024x1024.jpg\",\"datePublished\":\"2026-05-21T17:31:49+00:00\",\"dateModified\":\"2026-05-26T18:19:00+00:00\",\"breadcrumb\":{\"@id\":\"https:\\\/\\\/endowment.org\\\/news\\\/2026-paul-thomas\\\/#breadcrumb\"},\"inLanguage\":\"es-ES\",\"potentialAction\":[{\"@type\":\"ReadAction\",\"target\":[\"https:\\\/\\\/endowment.org\\\/news\\\/2026-paul-thomas\\\/\"]}]},{\"@type\":\"ImageObject\",\"inLanguage\":\"es-ES\",\"@id\":\"https:\\\/\\\/endowment.org\\\/news\\\/2026-paul-thomas\\\/#primaryimage\",\"url\":\"https:\\\/\\\/endowment.org\\\/wp-content\\\/uploads\\\/2026\\\/05\\\/Newsletter-Images-7-1024x1024.jpg\",\"contentUrl\":\"https:\\\/\\\/endowment.org\\\/wp-content\\\/uploads\\\/2026\\\/05\\\/Newsletter-Images-7-1024x1024.jpg\"},{\"@type\":\"BreadcrumbList\",\"@id\":\"https:\\\/\\\/endowment.org\\\/news\\\/2026-paul-thomas\\\/#breadcrumb\",\"itemListElement\":[{\"@type\":\"ListItem\",\"position\":1,\"name\":\"Home\",\"item\":\"https:\\\/\\\/endowment.org\\\/\"},{\"@type\":\"ListItem\",\"position\":2,\"name\":\"Alana Wood Named 2026 Paul Thomas Intern of the Year\"}]},{\"@type\":\"WebSite\",\"@id\":\"https:\\\/\\\/endowment.org\\\/#website\",\"url\":\"https:\\\/\\\/endowment.org\\\/\",\"name\":\"American Floral Endowment\",\"description\":\"Funding the Future of Floriculture\",\"potentialAction\":[{\"@type\":\"SearchAction\",\"target\":{\"@type\":\"EntryPoint\",\"urlTemplate\":\"https:\\\/\\\/endowment.org\\\/?s={search_term_string}\"},\"query-input\":{\"@type\":\"PropertyValueSpecification\",\"valueRequired\":true,\"valueName\":\"search_term_string\"}}],\"inLanguage\":\"es-ES\"}]}<\/script>\n<!-- \/ Yoast SEO plugin. -->","yoast_head_json":{"title":"Alana Wood nombrada Becaria Paul Thomas del A\u00f1o 2026 - American Floral Endowment","robots":{"index":"index","follow":"follow","max-snippet":"max-snippet:-1","max-image-preview":"max-image-preview:large","max-video-preview":"max-video-preview:-1"},"canonical":"https:\/\/endowment.org\/es\/noticias\/2026-paul-thomas\/","og_locale":"es_ES","og_type":"article","og_title":"Alana Wood Named 2026 Paul Thomas Intern of the Year - American Floral Endowment","og_description":"The Paul Thomas Floriculture Production Intern of the Year Award annually spotlights an emerging talent in horticulture and plant sciences. It recognizes exceptional internship performance through the Vic and Margaret Ball Intern Scholarship Program, administered by the American Floral Endowment (AFE). The 2026 Paul Thomas Floriculture Production Intern of the Year recipient is Alana Wood. [&hellip;]","og_url":"https:\/\/endowment.org\/es\/noticias\/2026-paul-thomas\/","og_site_name":"American Floral Endowment","article_modified_time":"2026-05-26T18:19:00+00:00","og_image":[{"width":1200,"height":1200,"url":"https:\/\/endowment.org\/wp-content\/uploads\/2026\/05\/Newsletter-Images-7.jpg","type":"image\/jpeg"}],"twitter_card":"summary_large_image","twitter_misc":{"Est. reading time":"8 minutes"},"schema":{"@context":"https:\/\/schema.org","@graph":[{"@type":"WebPage","@id":"https:\/\/endowment.org\/news\/2026-paul-thomas\/","url":"https:\/\/endowment.org\/news\/2026-paul-thomas\/","name":"Alana Wood nombrada Becaria Paul Thomas del A\u00f1o 2026 - American Floral Endowment","isPartOf":{"@id":"https:\/\/endowment.org\/#website"},"primaryImageOfPage":{"@id":"https:\/\/endowment.org\/news\/2026-paul-thomas\/#primaryimage"},"image":{"@id":"https:\/\/endowment.org\/news\/2026-paul-thomas\/#primaryimage"},"thumbnailUrl":"https:\/\/endowment.org\/wp-content\/uploads\/2026\/05\/Newsletter-Images-7-1024x1024.jpg","datePublished":"2026-05-21T17:31:49+00:00","dateModified":"2026-05-26T18:19:00+00:00","breadcrumb":{"@id":"https:\/\/endowment.org\/news\/2026-paul-thomas\/#breadcrumb"},"inLanguage":"es-ES","potentialAction":[{"@type":"ReadAction","target":["https:\/\/endowment.org\/news\/2026-paul-thomas\/"]}]},{"@type":"ImageObject","inLanguage":"es-ES","@id":"https:\/\/endowment.org\/news\/2026-paul-thomas\/#primaryimage","url":"https:\/\/endowment.org\/wp-content\/uploads\/2026\/05\/Newsletter-Images-7-1024x1024.jpg","contentUrl":"https:\/\/endowment.org\/wp-content\/uploads\/2026\/05\/Newsletter-Images-7-1024x1024.jpg"},{"@type":"BreadcrumbList","@id":"https:\/\/endowment.org\/news\/2026-paul-thomas\/#breadcrumb","itemListElement":[{"@type":"ListItem","position":1,"name":"Home","item":"https:\/\/endowment.org\/"},{"@type":"ListItem","position":2,"name":"Alana Wood Named 2026 Paul Thomas Intern of the Year"}]},{"@type":"WebSite","@id":"https:\/\/endowment.org\/#website","url":"https:\/\/endowment.org\/","name":"Fundaci\u00f3n Floral Americana","description":"Financiaci\u00f3n del futuro de la floricultura","potentialAction":[{"@type":"SearchAction","target":{"@type":"EntryPoint","urlTemplate":"https:\/\/endowment.org\/?s={search_term_string}"},"query-input":{"@type":"PropertyValueSpecification","valueRequired":true,"valueName":"search_term_string"}}],"inLanguage":"es-ES"}]}},"_links":{"self":[{"href":"https:\/\/endowment.org\/es\/wp-json\/wp\/v2\/news\/24699","targetHints":{"allow":["GET"]}}],"collection":[{"href":"https:\/\/endowment.org\/es\/wp-json\/wp\/v2\/news"}],"about":[{"href":"https:\/\/endowment.org\/es\/wp-json\/wp\/v2\/types\/news"}],"version-history":[{"count":3,"href":"https:\/\/endowment.org\/es\/wp-json\/wp\/v2\/news\/24699\/revisions"}],"predecessor-version":[{"id":24731,"href":"https:\/\/endowment.org\/es\/wp-json\/wp\/v2\/news\/24699\/revisions\/24731"}],"wp:attachment":[{"href":"https:\/\/endowment.org\/es\/wp-json\/wp\/v2\/media?parent=24699"}],"wp:term":[{"taxonomy":"news-categories","embeddable":true,"href":"https:\/\/endowment.org\/es\/wp-json\/wp\/v2\/news-categories?post=24699"}],"curies":[{"name":"bien jugado","href":"https:\/\/api.w.org\/{rel}","templated":true}]}}