{"id":1846,"date":"2023-09-07T18:56:00","date_gmt":"2023-09-07T18:56:00","guid":{"rendered":"https:\/\/afe.epicenter1.com\/news\/memorial-tribute-established-in-memory-of-andy-mast"},"modified":"2024-03-15T21:29:57","modified_gmt":"2024-03-15T21:29:57","slug":"homenaje-memorial-establecido-en-memoria-de-andy-mast","status":"publish","type":"news","link":"https:\/\/endowment.org\/es\/news\/memorial-tribute-established-in-memory-of-andy-mast","title":{"rendered":"Homenaje p\u00f3stumo establecido en memoria de Andy Mast"},"content":{"rendered":"<div\n\tid=\"block_6c2ae48cf38f9065b40d76dd561df77b\"\n\tclass=\"nmc-block nmc-block--half-half alignfull  half-half   alignfull\">\n\t  <div class=\"bound boundwide\">\n    <div class=\"wrap\">\n      <div class=\"image\">\n                                                \n    <div class=\"img-variable\" style=\"width: 560px; aspect-ratio: 560 \/ 560;\">\n        <img decoding=\"async\" src=\"https:\/\/endowment.org\/wp-content\/uploads\/2023\/09\/Andy-Mast.jpeg\" width=\"560\" height=\"560\" alt=\"\" loading=\"lazy\">\n    <\/div>\n          <svg xmlns=\"http:\/\/www.w3.org\/2000\/svg\" width=\"15\" height=\"15\" viewbox=\"0 0 15 15\" fill=\"none\" role=\"img\" aria-hidden=\"true\" focusable=\"false\"><title>externo<\/title>\n<path fill-rule=\"evenodd\" clip-rule=\"evenodd\" d=\"M1.88345 13.1241H13.124V8.24662H15V15H0V0H6.75338V1.87594H1.88345V13.1241ZM8.25152 1.87594V0H14.9974V6.74587H13.1215V3.2041L8.16152 8.16405L6.84082 6.83592L11.7933 1.87594H8.25152Z\" fill=\"white\"\/>\n<\/svg>        \n              <\/div>\n      <div class=\"content\">\n                <div class=\"text\"><p>Se ha establecido un homenaje memorial en memoria de Andy C. Mast a trav\u00e9s de la Fundaci\u00f3n Floral Estadounidense (American Floral Endowment) por la familia Mast y sus amigos en <a href=\"https:\/\/ednieflowerbulb.com\/\">Compa\u00f1\u00eda de Bulbos de Flores Ednie<\/a>, Fredon, NJ. Andy Mast, propietario de <a href=\"https:\/\/www.andymastgreenhouses.com\/\">Invernaderos Andy Mast<\/a> y pionero de la industria, falleci\u00f3 el 8 de julio de 2023 a la edad de 76 a\u00f1os.<\/p>\n<p>Andy naci\u00f3 de Neal y Jacoba Mast en R\u00f3terdam, Pa\u00edses Bajos, en septiembre de 1946. Emigr\u00f3 con su familia dos a\u00f1os despu\u00e9s, estableci\u00e9ndose en Grand Rapids, M\u00edchigan. Asisti\u00f3 a la escuela West Side Christian School y a la secundaria Grand Rapids Christian High, gradu\u00e1ndose en 1964. Continu\u00f3 su educaci\u00f3n en la Universidad Estatal de M\u00edchigan, completando su programa de horticultura.<\/p>\n<\/div>\n        <div class=\"buttons\">\n                            <\/div>\n        \n      <\/div>\n    <\/div>\n  <\/div>\n<\/div>\n\n\n<p class=\"wp-block-paragraph\"><p><span style=\"color: #000000;\">Andy trabaj\u00f3 en asociaci\u00f3n con su padre, Neal, hasta independizarse en 1975 para convertirse en el propietario de Andy Mast Greenhouses. Hizo crecer el negocio desde el sitio original en Walker para incluir dos sitios adicionales a lo sus a\u00f1os en Muskegon y Holland. Sus contribuciones a la industria de los invernaderos son profundas.<\/span><\/p><p><span style=\"color: #000000;\">En sus esfuerzos por mejorar la calidad de los cultivos, Andy fue pionero en<\/span> <a href=\"https:\/\/msu.edu\/\">Universidad Estatal de M\u00edchigan<\/a> <span style=\"color: #000000;\">utilizando t\u00e9cnicas de cultivo pr\u00e1cticas para controlar la altura de los cultivos. Tan exitosa en su implementaci\u00f3n, \u00a1la t\u00e9cnica DIF se utiliza actualmente en todo el mundo!<\/span><\/p><p><span style=\"color: #000000;\">Nunca rehuyendo probar nuevas t\u00e9cnicas y experimentos, se asoci\u00f3 con la MSU para continuar la investigaci\u00f3n y el avance en la floricultura para otros \u00e9xitos innovadores. Andy tambi\u00e9n estuvo activo en la comunidad de la floricultura, convirti\u00e9ndose en uno de los miembros originales del Consejo de Productores de Invernaderos de Michigan (MGGC). Dio un paso al frente a nivel estatal para hablar en nombre de los productores de invernaderos locales, abogando por mejoras y comprendiendo los desaf\u00edos que enfrentan sus colegas productores.<\/span><\/p><p><span style=\"color: #000000;\">Andy estaba dedicado a su familia. Un hombre de profunda fe, Andy era activo en su iglesia, 7th Reformed. Fue di\u00e1cono y anciano en diferentes momentos a lo largo de los a\u00f1os. Andy se apresuraba a recordarnos que las muchas bendiciones que ten\u00eda ven\u00edan del Se\u00f1or.<\/span><\/p><p><span style=\"color: #000000;\">La estruendosa voz y la risa de Andy caracterizaron muchas reuniones familiares. Su sentido del humor y sus bromas se han transmitido a al menos dos generaciones, y muchas m\u00e1s vendr\u00e1n. Aunque el humor era una parte importante de lo que era Andy, era una mera sombra en comparaci\u00f3n con la importancia de su fe.<\/span><\/p><p><span style=\"color: #000000;\">A Andy le precedieron en la muerte sus padres, Neal y Jacoba Mast; su hijo, Matthew Mast; su hija, Liz Mast; y sus dos hermanos, Arie y Jim Mast. A Andy le sobreviven su esposa durante 55 a\u00f1os, Coby; sus hijos, Dave y Gina Mast, Emily y Jeffrey Karel, Amanda Mast, Katie Mast y Gerrit Mast; Deb y Alan Waters, Samuel Waters, Rachel Waters y Natalie Waters; Pete y Beth Mast, Joshua Mast, Hannah Mast y Abby Mast; Dan y Lisa Mast, Gabe Mast, Audrey Mast, Eli Mast y Breann Mast. Tambi\u00e9n le sobreviven sus hermanos, Rose y Bill Leese, Joyce y Marty Lutrey, Betty Mast, Marsha Martin, Rick y Joyce Mast y Terry Mast; y muchos sobrinos y sobrinas.<\/span><\/p><\/p>\n\n\n\n\n<div class=\"nmc-buttons aligncenter  buttons   aligncenter\" id=\"block_6f01365d8e63fd62b9043f977bb86b20\">\n\t\t\t<a href=\"https:\/\/endowment.networkforgood.com\/projects\/71074-donate-to-afe\" class=\"btn\" target=\"_blank\">Haz una contribuci\u00f3n<\/a>\t<\/div>\n\n\n<p class=\"wp-block-paragraph\"><\/p>\n\n\n\n<p class=\"wp-block-paragraph\"><strong>o env\u00ede un cheque a:<\/strong><br><span style=\"color: #000000;\"><strong>Fundaci\u00f3n Floral Americana<\/strong><\/span><br><span style=\"color: #000000;\"><strong>c\/o Homenaje Memorial Andy Mast<\/strong><\/span><br><span style=\"color: #000000;\"><strong>610 Madison Street, Ste. 101, PMB 803<\/strong><\/span><br><span style=\"color: #000000;\"><strong>Alexandria, VA 22314<\/strong><\/span><\/p>\n\n\n\n<p class=\"wp-block-paragraph\"><p><span style=\"color: #000000;\"><em>Siempre se notifica a la familia de las donaciones y las contribuciones se pueden hacer por cualquier cantidad.<\/em><\/span>\u00a0<\/p><\/p>","protected":false},"template":"","news-categories":[32,31,48,29],"class_list":["post-1846","news","type-news","status-publish","hentry","news-categories-donors","news-categories-latest-news","news-categories-memorials","news-categories-news"],"acf":[],"yoast_head":"<!-- This site is optimized with the Yoast SEO plugin v28.4 - https:\/\/yoast.com\/product\/yoast-seo-wordpress\/ -->\n<title>Memorial Tribute Established in Memory of Andy Mast<\/title>\n<meta name=\"description\" content=\"A memorial tribute has been established in memory of Andy C. Mast through the American Floral Endowment by the Mast Family and friends at Ednie Flower Bulb Company, Fredon, NJ.A memorial tribute has been established in memory of Andy C. Mast through the American Floral Endowment by the Mast Family and friends at Ednie Flower Bulb Company, Fredon, NJ.\" \/>\n<meta name=\"robots\" content=\"index, follow, max-snippet:-1, max-image-preview:large, max-video-preview:-1\" \/>\n<link rel=\"canonical\" href=\"https:\/\/endowment.org\/es\/noticias\/homenaje-memorial-establecido-en-memoria-de-andy-mast\/\" \/>\n<meta property=\"og:locale\" content=\"es_ES\" \/>\n<meta property=\"og:type\" content=\"article\" \/>\n<meta property=\"og:title\" content=\"Memorial Tribute Established in Memory of Andy Mast\" \/>\n<meta property=\"og:description\" content=\"A memorial tribute has been established in memory of Andy C. Mast through the American Floral Endowment by the Mast Family and friends at Ednie Flower Bulb Company, Fredon, NJ.A memorial tribute has been established in memory of Andy C. Mast through the American Floral Endowment by the Mast Family and friends at Ednie Flower Bulb Company, Fredon, NJ.\" \/>\n<meta property=\"og:url\" content=\"https:\/\/endowment.org\/es\/noticias\/homenaje-memorial-establecido-en-memoria-de-andy-mast\/\" \/>\n<meta property=\"og:site_name\" content=\"American Floral Endowment\" \/>\n<meta property=\"article:modified_time\" content=\"2024-03-15T21:29:57+00:00\" \/>\n<meta name=\"twitter:card\" content=\"summary_large_image\" \/>\n<meta name=\"twitter:label1\" content=\"Est. reading time\" \/>\n\t<meta name=\"twitter:data1\" content=\"2 minutes\" \/>\n<script type=\"application\/ld+json\" class=\"yoast-schema-graph\">{\"@context\":\"https:\\\/\\\/schema.org\",\"@graph\":[{\"@type\":\"WebPage\",\"@id\":\"https:\\\/\\\/endowment.org\\\/news\\\/memorial-tribute-established-in-memory-of-andy-mast\\\/\",\"url\":\"https:\\\/\\\/endowment.org\\\/news\\\/memorial-tribute-established-in-memory-of-andy-mast\\\/\",\"name\":\"Memorial Tribute Established in Memory of Andy Mast\",\"isPartOf\":{\"@id\":\"https:\\\/\\\/endowment.org\\\/#website\"},\"datePublished\":\"2023-09-07T18:56:00+00:00\",\"dateModified\":\"2024-03-15T21:29:57+00:00\",\"description\":\"A memorial tribute has been established in memory of Andy C. Mast through the American Floral Endowment by the Mast Family and friends at Ednie Flower Bulb Company, Fredon, NJ.A memorial tribute has been established in memory of Andy C. Mast through the American Floral Endowment by the Mast Family and friends at Ednie Flower Bulb Company, Fredon, NJ.\",\"breadcrumb\":{\"@id\":\"https:\\\/\\\/endowment.org\\\/news\\\/memorial-tribute-established-in-memory-of-andy-mast\\\/#breadcrumb\"},\"inLanguage\":\"es-ES\",\"potentialAction\":[{\"@type\":\"ReadAction\",\"target\":[\"https:\\\/\\\/endowment.org\\\/news\\\/memorial-tribute-established-in-memory-of-andy-mast\\\/\"]}]},{\"@type\":\"BreadcrumbList\",\"@id\":\"https:\\\/\\\/endowment.org\\\/news\\\/memorial-tribute-established-in-memory-of-andy-mast\\\/#breadcrumb\",\"itemListElement\":[{\"@type\":\"ListItem\",\"position\":1,\"name\":\"Home\",\"item\":\"https:\\\/\\\/endowment.org\\\/\"},{\"@type\":\"ListItem\",\"position\":2,\"name\":\"Memorial Tribute Established in Memory of Andy Mast\"}]},{\"@type\":\"WebSite\",\"@id\":\"https:\\\/\\\/endowment.org\\\/#website\",\"url\":\"https:\\\/\\\/endowment.org\\\/\",\"name\":\"American Floral Endowment\",\"description\":\"Funding the Future of Floriculture\",\"potentialAction\":[{\"@type\":\"SearchAction\",\"target\":{\"@type\":\"EntryPoint\",\"urlTemplate\":\"https:\\\/\\\/endowment.org\\\/?s={search_term_string}\"},\"query-input\":{\"@type\":\"PropertyValueSpecification\",\"valueRequired\":true,\"valueName\":\"search_term_string\"}}],\"inLanguage\":\"es-ES\"}]}<\/script>\n<!-- \/ Yoast SEO plugin. -->","yoast_head_json":{"title":"Homenaje p\u00f3stumo establecido en memoria de Andy Mast","description":"Se ha establecido un homenaje conmemorativo en memoria de Andy C. Mast a trav\u00e9s de la American Floral Endowment por la familia Mast y amigos de Ednie Flower Bulb Company, Fredon, NJ.","robots":{"index":"index","follow":"follow","max-snippet":"max-snippet:-1","max-image-preview":"max-image-preview:large","max-video-preview":"max-video-preview:-1"},"canonical":"https:\/\/endowment.org\/es\/noticias\/homenaje-memorial-establecido-en-memoria-de-andy-mast\/","og_locale":"es_ES","og_type":"article","og_title":"Memorial Tribute Established in Memory of Andy Mast","og_description":"A memorial tribute has been established in memory of Andy C. Mast through the American Floral Endowment by the Mast Family and friends at Ednie Flower Bulb Company, Fredon, NJ.A memorial tribute has been established in memory of Andy C. Mast through the American Floral Endowment by the Mast Family and friends at Ednie Flower Bulb Company, Fredon, NJ.","og_url":"https:\/\/endowment.org\/es\/noticias\/homenaje-memorial-establecido-en-memoria-de-andy-mast\/","og_site_name":"American Floral Endowment","article_modified_time":"2024-03-15T21:29:57+00:00","twitter_card":"summary_large_image","twitter_misc":{"Est. reading time":"2 minutes"},"schema":{"@context":"https:\/\/schema.org","@graph":[{"@type":"WebPage","@id":"https:\/\/endowment.org\/news\/memorial-tribute-established-in-memory-of-andy-mast\/","url":"https:\/\/endowment.org\/news\/memorial-tribute-established-in-memory-of-andy-mast\/","name":"Homenaje p\u00f3stumo establecido en memoria de Andy Mast","isPartOf":{"@id":"https:\/\/endowment.org\/#website"},"datePublished":"2023-09-07T18:56:00+00:00","dateModified":"2024-03-15T21:29:57+00:00","description":"Se ha establecido un homenaje conmemorativo en memoria de Andy C. Mast a trav\u00e9s de la American Floral Endowment por la familia Mast y amigos de Ednie Flower Bulb Company, Fredon, NJ.","breadcrumb":{"@id":"https:\/\/endowment.org\/news\/memorial-tribute-established-in-memory-of-andy-mast\/#breadcrumb"},"inLanguage":"es-ES","potentialAction":[{"@type":"ReadAction","target":["https:\/\/endowment.org\/news\/memorial-tribute-established-in-memory-of-andy-mast\/"]}]},{"@type":"BreadcrumbList","@id":"https:\/\/endowment.org\/news\/memorial-tribute-established-in-memory-of-andy-mast\/#breadcrumb","itemListElement":[{"@type":"ListItem","position":1,"name":"Home","item":"https:\/\/endowment.org\/"},{"@type":"ListItem","position":2,"name":"Memorial Tribute Established in Memory of Andy Mast"}]},{"@type":"WebSite","@id":"https:\/\/endowment.org\/#website","url":"https:\/\/endowment.org\/","name":"Fundaci\u00f3n Floral Americana","description":"Financiaci\u00f3n del futuro de la floricultura","potentialAction":[{"@type":"SearchAction","target":{"@type":"EntryPoint","urlTemplate":"https:\/\/endowment.org\/?s={search_term_string}"},"query-input":{"@type":"PropertyValueSpecification","valueRequired":true,"valueName":"search_term_string"}}],"inLanguage":"es-ES"}]}},"_links":{"self":[{"href":"https:\/\/endowment.org\/es\/wp-json\/wp\/v2\/news\/1846","targetHints":{"allow":["GET"]}}],"collection":[{"href":"https:\/\/endowment.org\/es\/wp-json\/wp\/v2\/news"}],"about":[{"href":"https:\/\/endowment.org\/es\/wp-json\/wp\/v2\/types\/news"}],"version-history":[{"count":3,"href":"https:\/\/endowment.org\/es\/wp-json\/wp\/v2\/news\/1846\/revisions"}],"predecessor-version":[{"id":9469,"href":"https:\/\/endowment.org\/es\/wp-json\/wp\/v2\/news\/1846\/revisions\/9469"}],"wp:attachment":[{"href":"https:\/\/endowment.org\/es\/wp-json\/wp\/v2\/media?parent=1846"}],"wp:term":[{"taxonomy":"news-categories","embeddable":true,"href":"https:\/\/endowment.org\/es\/wp-json\/wp\/v2\/news-categories?post=1846"}],"curies":[{"name":"bien jugado","href":"https:\/\/api.w.org\/{rel}","templated":true}]}}