{"id":1839,"date":"2023-09-13T18:55:00","date_gmt":"2023-09-13T18:55:00","guid":{"rendered":"https:\/\/afe.epicenter1.com\/news\/afe-appoints-new-trustees-officers"},"modified":"2024-03-15T21:27:50","modified_gmt":"2024-03-15T21:27:50","slug":"afe-nombra-nuevos-fideicomisarios-y-oficiales","status":"publish","type":"news","link":"https:\/\/endowment.org\/es\/news\/afe-appoints-new-trustees-officers","title":{"rendered":"AFE nombra nuevos administradores y directivos"},"content":{"rendered":"<p class=\"wp-block-paragraph\"><span style=\"color: #000000;\">El<\/span> <a href=\"https:\/\/endowment.org\/es\/\">Endowment Floral Americano<\/a> <span style=\"color: #000000;\">depende del liderazgo, la visi\u00f3n y la experiencia de la industria para respaldar la investigaci\u00f3n y los programas que mejor sirvan a toda la floricultura. Este septiembre, AFE nombr\u00f3 a tres nuevos s\u00edndicos para unirse al grupo diverso con representaci\u00f3n en todos los sectores. Los s\u00edndicos de AFE son l\u00edderes de la industria que ofrecen voluntariamente su tiempo y talento para ayudar a guiar las actividades y programas de la Dotaci\u00f3n que benefician a la industria.<\/span><\/p><p><span style=\"color: #000000;\">Cada nuevo Administrador cumplir\u00e1 un mandato de tres a\u00f1os con la opci\u00f3n de un segundo mandato de tres a\u00f1os. Tambi\u00e9n formar\u00e1n parte de un comit\u00e9 de AFE relacionado con la educaci\u00f3n, las relaciones p\u00fablicas y el desarrollo, la investigaci\u00f3n o el marketing floral. La Fundaci\u00f3n se complace en anunciar:<\/span><\/p><p>\u00a0<\/p><h2><span style=\"color: #993300;\"><strong>Nuevos administradores<\/strong><\/span><\/h2><p><img loading=\"lazy\" decoding=\"async\" class=\"wp-image-17382 alignleft\" src=\"https:\/\/endowment.org\/wp-content\/uploads\/imported-files\/Kelvin.png\" alt=\"\" width=\"140\" height=\"130\"><span style=\"color: #000000;\"><strong>Kelvin Frye, Ventas del Sindicato<\/strong><\/span><\/p><p><span style=\"color: #000000;\">Frye es un veterano de la industria. Se uni\u00f3 a Syndicate en 1987 y ha ocupado puestos en log\u00edstica, transporte, marketing y ventas.<\/span> <a href=\"https:\/\/syndicatesales.com\/\">Ventas de sindicato<\/a> <span style=\"color: #000000;\">es un fabricante y proveedor l\u00edder de art\u00edculos duros florales para floristas minoristas. Frye es actualmente el Director de Ventas con sede en Kokomo, IN. Tiene experiencia en gesti\u00f3n de ventas, distribuci\u00f3n, gesti\u00f3n de fletes y operaciones de importaci\u00f3n. Actualmente tambi\u00e9n forma parte del Consejo Floral y del Comit\u00e9 de Ferias Comerciales de la Asociaci\u00f3n Internacional Floral y de Productos Frescos, as\u00ed como del Comit\u00e9 de Educaci\u00f3n de WF&amp;FSA.<\/span><\/p><p><span style=\"color: #000000;\">Cuando no colabora con los miembros de su equipo en Syndicate, tambi\u00e9n es profesor adjunto en la Universidad Ball State. Frye recibi\u00f3 su licenciatura de la Universidad Ball State y una maestr\u00eda en administraci\u00f3n de empresas de la Universidad Butler.<\/span><\/p><p><img loading=\"lazy\" decoding=\"async\" class=\"wp-image-17383 alignright\" src=\"https:\/\/endowment.org\/wp-content\/uploads\/imported-files\/Vijay.png\" alt=\"\" width=\"140\" height=\"142\"><span style=\"color: #000000;\"><strong>Vijay Rapaka, Smithers-Oasis<\/strong><\/span><\/p><p><span style=\"color: #000000;\">Rapaka se incorpor\u00f3 a Smithers-Oasis en 2008 como director de investigaci\u00f3n de productores corporativos y lleva 20 a\u00f1os en la industria floral. Actualmente, es su director de operaciones globales de productores e investigaci\u00f3n con sede en Kent, Ohio. Desde 1954,<\/span> <a href=\"https:\/\/www.smithersoasis.com\/\">Smithers-Oasis<\/a> <span style=\"color: #000000;\">se ha convertido en un fabricante y comercializador l\u00edder a nivel mundial de espuma floral, herramientas y accesorios de dise\u00f1o floral, medios de cultivo celulares, productos de postcosecha, embalajes con temperatura controlada y espumas especializadas.<\/span><\/p><p><span style=\"color: #000000;\">Rapaka obtuvo su doctorado en Horticultura Ornamental en la Universidad de Hannover. Su experiencia incluye investigaci\u00f3n e innovaci\u00f3n.<\/span><\/p><p><span style=\"color: #000000;\"><img loading=\"lazy\" decoding=\"async\" class=\"wp-image-17384 alignleft\" style=\"color: #666666;\" src=\"https:\/\/endowment.org\/wp-content\/uploads\/imported-files\/Adam.png\" alt=\"\" width=\"126\" height=\"146\"><strong>Adam Van Winkle, Stadium Flowers<\/strong><\/span><\/p><p><span style=\"color: #000000;\">Van Winkle es un propietario de tercera generaci\u00f3n y presidente de<\/span> <a href=\"https:\/\/www.stadiumflowers.com\/\">Stadium Flowers<\/a><span style=\"color: #000000;\"> y<\/span> <a href=\"https:\/\/www.cascadefloralwholesale.com\/\">Cascade Floral Wholesale<\/a><span style=\"color: #000000;\">. Tiene su sede en Everett, Washington. Stadium Flowers fue fundada por los abuelos de Adam en 1947 con una sola ubicaci\u00f3n. En la actualidad, el negocio vende flores en tres ubicaciones distintas y emplea a m\u00e1s de 70 personas.<\/span><\/p><p><span style=\"color: #000000;\">Van Winkle trabaja en el negocio familiar desde 2006, con experiencia operativa en todos los aspectos de su negocio de flores al por menor y al por mayor. Le apasiona la innovaci\u00f3n empresarial y siempre busca formas de mejorar.<\/span><\/p><h2><\/h2><h2><span style=\"color: #993300;\"><strong>Nuevos oficiales <\/strong><\/span><\/h2><p><span style=\"color: #000000;\"><img loading=\"lazy\" decoding=\"async\" class=\"wp-image-14289 alignright\" src=\"https:\/\/endowment.org\/wp-content\/uploads\/imported-files\/David-Garcia.jpg\" alt=\"David Garc\u00eda\" width=\"132\" height=\"176\">AFE tambi\u00e9n anunci\u00f3 a David Garc\u00eda, Presidente de<\/span> <a href=\"https:\/\/www.garciagroupinc.com\/\">Pete Garcia Company\/Garcia Group<\/a> <span style=\"color: #000000;\">con sede en Peachtree Corners, GA, ha sido nombrado Presidente Electo. Ocupar\u00e1 este cargo durante un a\u00f1o antes de que comience su presidencia en septiembre de 2024. Ha formado parte de la junta directiva desde 2015, es miembro del Comit\u00e9 Ejecutivo, forma parte del Comit\u00e9 del Fondo de Comercializaci\u00f3n Floral y preside el Comit\u00e9 de Relaciones P\u00fablicas y Desarrollo.<\/span><\/p><p><span style=\"color: #000000;\">Garc\u00eda comenz\u00f3 su carrera en la empresa en 1983 tras graduarse de la Universidad de Georgia. Se desempe\u00f1\u00f3 como gerente de zona para 17 estados de EE. UU., as\u00ed como en territorios internacionales. Tambi\u00e9n colabora en el desarrollo de nuevos productos para Plus One Imports, que forma parte de Garcia Group, Inc. La familia Garc\u00eda estableci\u00f3 un fondo de becas, el Fondo de Becas de la Familia Garc\u00eda, a trav\u00e9s de la AFE en 2020, el cual apoya a estudiantes con un enfoque profesional en la comercializaci\u00f3n o distribuci\u00f3n de productos florales, incluyendo el comercio minorista, mayorista, la fabricaci\u00f3n y\/o la propiedad u operaciones de negocios florales.<\/span><\/p><p><span style=\"color: #000000;\"><img loading=\"lazy\" decoding=\"async\" class=\"wp-image-14325 alignleft\" src=\"https:\/\/endowment.org\/wp-content\/uploads\/imported-files\/foster.png\" alt=\"\" width=\"140\" height=\"140\">Bill Foster, director ejecutivo de<\/span> <a href=\"https:\/\/bioworksinc.com\/\">BioWorks<\/a> <span style=\"color: #000000;\">con sede en V\u00edctor, Nueva York, tambi\u00e9n se incorporar\u00e1 al Comit\u00e9 Ejecutivo con su nuevo nombramiento como tesorero y secretario electo. Se uni\u00f3 a la Junta Directiva en 2018. Bill forma parte actualmente del Comit\u00e9 de Investigaci\u00f3n y ejerce como presidente del mismo.<\/span><\/p><p><span style=\"color: #000000;\">Foster es miembro fundador de la Alianza de la Industria de Productos Biol\u00f3gicos. Tambi\u00e9n form\u00f3 parte del Consejo Asesor Cient\u00edfico del Centro de Investigaci\u00f3n e Innovaci\u00f3n de Vineland. Foster cre\u00f3 una beca, la Beca BioWorks IPM\/Pr\u00e1cticas Sostenibles, a trav\u00e9s de AFE en 2015, que apoya a estudiantes de segundo, tercer o \u00faltimo a\u00f1o que siguen una carrera en floricultura. BioWorks es miembro de Biobest Group.<\/span><\/p><h2><\/h2><h2><span style=\"color: #993300;\"><strong>S\u00edndicos salientes<\/strong><\/span><\/h2><p><img loading=\"lazy\" decoding=\"async\" class=\"wp-image-14301 alignright\" style=\"color: #000000;\" src=\"https:\/\/endowment.org\/wp-content\/uploads\/imported-files\/Cindy-Headshot.jpg\" alt=\"\" width=\"123\" height=\"188\"><span style=\"color: #000000;\">Completando sus mandatos en la Junta Directiva de la AFE se encuentran\u00a0<strong>Cindy Hanauer<\/strong>, CEO de <a href=\"https:\/\/www.grandcentralfloral.com\/\">Grand Central Floral<\/a> en Jacksonville, Florida y\u00a0<strong>Tim Galea<\/strong>, presidente de <a href=\"https:\/\/www.nortonsflowers.com\/\">Flores y Regalos Norton<\/a> en Ypsilanti, M\u00edchigan.<\/span><\/p><p><span style=\"color: #000000;\">Cindy Hanauer se uni\u00f3 originalmente a la junta directiva en 2014 y cumpli\u00f3 dos mandatos completos antes de continuar como miembro em\u00e9rito de 2020 a 2023. Su tiempo en la junta se centr\u00f3 principalmente en los comit\u00e9s de Relaciones P\u00fablicas\/Desarrollo y del Fondo de Comercializaci\u00f3n Floral. Hanauer ha compartido continuamente su experiencia en comunicaciones y marketing tanto directamente con AFE como con la industria en su conjunto a trav\u00e9s de proyectos colaborativos y art\u00edculos.<\/span><\/p><p><span style=\"color: #000000;\"><img loading=\"lazy\" decoding=\"async\" class=\"wp-image-14327 alignleft\" src=\"https:\/\/endowment.org\/wp-content\/uploads\/imported-files\/galea.png\" alt=\"\" width=\"140\" height=\"140\">Tim Galea se incorpor\u00f3 a la junta directiva en 2020 y cumpli\u00f3 un mandato completo. Aport\u00f3 una perspectiva minorista y comparti\u00f3 sus conocimientos con m\u00e1s de 50 a\u00f1os en la industria. La experiencia de Galea se centra en la gesti\u00f3n financiera, el dise\u00f1o floral y el liderazgo. Durante su tiempo en la junta, form\u00f3 parte de los comit\u00e9s de Relaciones P\u00fablicas\/Desarrollo y del Fondo de Marketing Floral. Galea tambi\u00e9n ha formado parte de la junta directiva de la Society of American Florists y se ha desempe\u00f1ado como tesorero y director regional de la Michigan Floral Association.<\/span><\/p><p><span style=\"color: #000000;\">Ambos han aportado su liderazgo y experiencia a los programas y recursos de AFE, y han ayudado a impulsar la misi\u00f3n de AFE. AFE agradece ENORMES a Cindy y a Tim por su tiempo y compromiso para ayudar a abrir camino hacia el futuro de las actividades de la Fundaci\u00f3n.<\/span><\/p><p><span style=\"color: #000000;\">Los Fideicomisarios de AFE dedican su tiempo, experiencia y recursos a hacer avanzar nuestra industria a trav\u00e9s de AFE. El Fondo Patrimonial aprecia y valora su inversi\u00f3n en nuestra industria.<\/span><\/p><hr><p><span style=\"color: #000000;\">Para m\u00e1s informaci\u00f3n sobre nuestras noticias de nuestro evento reciente:\u00a0<\/span><\/p><ul><li><span style=\"color: #000000;\">Resumen completo del evento y galer\u00eda de fotos \u2192\u00a0<\/span> <a title=\"https:\/\/endowment.org\/celebrating-afes-many-friends-of-floral\/\" href=\"https:\/\/endowment.org\/es\/celebrando-a-muchos-amigos-de-floral\/\" target=\"_blank\" rel=\"noreferrer noopener\">Celebrando a los muchos Amigos de la Floral de AFE<\/a><\/li><li><span style=\"color: #000000;\">Nueva beca<\/span> \u00a0<a title=\"https:\/\/endowment.org\/afe-announces-a-new-scholarship-honoring-a-legacy-of-education-and-service\/\" href=\"https:\/\/endowment.org\/es\/afe-anuncia-una-nueva-beca-que-honra-un-legado-de-educacion-y-servicio\/\" target=\"_blank\" rel=\"noreferrer noopener\">Nueva beca que honra un legado de educaci\u00f3n y servicio<\/a><\/li><li><span style=\"color: #000000;\">Premios Embajador \u00a0<\/span><a title=\"https:\/\/endowment.org\/two-industry-leaders-recognized-with-afes-new-ambassador-award\/\" href=\"https:\/\/endowment.org\/es\/dos-lideres-de-la-industria-reconocidos-con-el-nuevo-premio-embajador-de-afes\/\" target=\"_blank\" rel=\"noreferrer noopener\">Dos l\u00edderes de la industria reconocidos con el nuevo Premio Embajador de AFE<\/a><\/li><li><span style=\"color: #000000;\">Nuevos fondos con nombre<\/span> \u00a0<a title=\"https:\/\/endowment.org\/2-new-named-funds-announced-at-afe-annual-reception\/\" href=\"https:\/\/endowment.org\/es\/se-anuncian-2-nuevos-fondos-nombrados-en-la-recepcion-anual-de-afe\/\" target=\"_blank\" rel=\"noreferrer noopener\">Se anuncian dos nuevos fondos con nombre en la recepci\u00f3n anual de AFE<\/a><\/li><\/ul>","protected":false},"template":"","news-categories":[32,31,29],"class_list":["post-1839","news","type-news","status-publish","hentry","news-categories-donors","news-categories-latest-news","news-categories-news"],"acf":[],"yoast_head":"<!-- This site is optimized with the Yoast SEO plugin v28.4 - https:\/\/yoast.com\/product\/yoast-seo-wordpress\/ -->\n<title>AFE Apoints New Trustes &amp; Oficers<\/title>\n<meta name=\"description\" content=\"AFE announces incoming Trustees, new officers, and outgoing Trustees for 2023. AFE announces incoming Trustees, new officers, and outgoing Trustees for 2023.\" \/>\n<meta name=\"robots\" content=\"index, follow, max-snippet:-1, max-image-preview:large, max-video-preview:-1\" \/>\n<link rel=\"canonical\" href=\"https:\/\/endowment.org\/es\/noticias\/afe-nombra-nuevos-fideicomisarios-y-oficiales\/\" \/>\n<meta property=\"og:locale\" content=\"es_ES\" \/>\n<meta property=\"og:type\" content=\"article\" \/>\n<meta property=\"og:title\" content=\"AFE Apoints New Trustes &amp; Oficers\" \/>\n<meta property=\"og:description\" content=\"AFE announces incoming Trustees, new officers, and outgoing Trustees for 2023. AFE announces incoming Trustees, new officers, and outgoing Trustees for 2023.\" \/>\n<meta property=\"og:url\" content=\"https:\/\/endowment.org\/es\/noticias\/afe-nombra-nuevos-fideicomisarios-y-oficiales\/\" \/>\n<meta property=\"og:site_name\" content=\"American Floral Endowment\" \/>\n<meta property=\"article:modified_time\" content=\"2024-03-15T21:27:50+00:00\" \/>\n<meta property=\"og:image\" content=\"https:\/\/endowment.org\/wp-content\/uploads\/imported-files\/Kelvin.png\" \/>\n<meta name=\"twitter:card\" content=\"summary_large_image\" \/>\n<meta name=\"twitter:label1\" content=\"Est. reading time\" \/>\n\t<meta name=\"twitter:data1\" content=\"5 minutes\" \/>\n<script type=\"application\/ld+json\" class=\"yoast-schema-graph\">{\"@context\":\"https:\\\/\\\/schema.org\",\"@graph\":[{\"@type\":\"WebPage\",\"@id\":\"https:\\\/\\\/endowment.org\\\/news\\\/afe-appoints-new-trustees-officers\\\/\",\"url\":\"https:\\\/\\\/endowment.org\\\/news\\\/afe-appoints-new-trustees-officers\\\/\",\"name\":\"AFE Apoints New Trustes & Oficers\",\"isPartOf\":{\"@id\":\"https:\\\/\\\/endowment.org\\\/#website\"},\"primaryImageOfPage\":{\"@id\":\"https:\\\/\\\/endowment.org\\\/news\\\/afe-appoints-new-trustees-officers\\\/#primaryimage\"},\"image\":{\"@id\":\"https:\\\/\\\/endowment.org\\\/news\\\/afe-appoints-new-trustees-officers\\\/#primaryimage\"},\"thumbnailUrl\":\"https:\\\/\\\/endowment.org\\\/wp-content\\\/uploads\\\/imported-files\\\/Kelvin.png\",\"datePublished\":\"2023-09-13T18:55:00+00:00\",\"dateModified\":\"2024-03-15T21:27:50+00:00\",\"description\":\"AFE announces incoming Trustees, new officers, and outgoing Trustees for 2023. AFE announces incoming Trustees, new officers, and outgoing Trustees for 2023.\",\"breadcrumb\":{\"@id\":\"https:\\\/\\\/endowment.org\\\/news\\\/afe-appoints-new-trustees-officers\\\/#breadcrumb\"},\"inLanguage\":\"es-ES\",\"potentialAction\":[{\"@type\":\"ReadAction\",\"target\":[\"https:\\\/\\\/endowment.org\\\/news\\\/afe-appoints-new-trustees-officers\\\/\"]}]},{\"@type\":\"ImageObject\",\"inLanguage\":\"es-ES\",\"@id\":\"https:\\\/\\\/endowment.org\\\/news\\\/afe-appoints-new-trustees-officers\\\/#primaryimage\",\"url\":\"https:\\\/\\\/endowment.org\\\/wp-content\\\/uploads\\\/imported-files\\\/Kelvin.png\",\"contentUrl\":\"https:\\\/\\\/endowment.org\\\/wp-content\\\/uploads\\\/imported-files\\\/Kelvin.png\"},{\"@type\":\"BreadcrumbList\",\"@id\":\"https:\\\/\\\/endowment.org\\\/news\\\/afe-appoints-new-trustees-officers\\\/#breadcrumb\",\"itemListElement\":[{\"@type\":\"ListItem\",\"position\":1,\"name\":\"Home\",\"item\":\"https:\\\/\\\/endowment.org\\\/\"},{\"@type\":\"ListItem\",\"position\":2,\"name\":\"AFE Appoints New Trustees &#038; Officers\"}]},{\"@type\":\"WebSite\",\"@id\":\"https:\\\/\\\/endowment.org\\\/#website\",\"url\":\"https:\\\/\\\/endowment.org\\\/\",\"name\":\"American Floral Endowment\",\"description\":\"Funding the Future of Floriculture\",\"potentialAction\":[{\"@type\":\"SearchAction\",\"target\":{\"@type\":\"EntryPoint\",\"urlTemplate\":\"https:\\\/\\\/endowment.org\\\/?s={search_term_string}\"},\"query-input\":{\"@type\":\"PropertyValueSpecification\",\"valueRequired\":true,\"valueName\":\"search_term_string\"}}],\"inLanguage\":\"es-ES\"}]}<\/script>\n<!-- \/ Yoast SEO plugin. -->","yoast_head_json":{"title":"AFE nombra nuevos fideicomisarios y funcionarios","description":"AFE anuncia la llegada de nuevos administradores, nuevos funcionarios y la salida de administradores para 2023. AFE anuncia la llegada de nuevos administradores, nuevos funcionarios y la salida de administradores para 2023.","robots":{"index":"index","follow":"follow","max-snippet":"max-snippet:-1","max-image-preview":"max-image-preview:large","max-video-preview":"max-video-preview:-1"},"canonical":"https:\/\/endowment.org\/es\/noticias\/afe-nombra-nuevos-fideicomisarios-y-oficiales\/","og_locale":"es_ES","og_type":"article","og_title":"AFE Apoints New Trustes & Oficers","og_description":"AFE announces incoming Trustees, new officers, and outgoing Trustees for 2023. AFE announces incoming Trustees, new officers, and outgoing Trustees for 2023.","og_url":"https:\/\/endowment.org\/es\/noticias\/afe-nombra-nuevos-fideicomisarios-y-oficiales\/","og_site_name":"American Floral Endowment","article_modified_time":"2024-03-15T21:27:50+00:00","og_image":[{"url":"https:\/\/endowment.org\/wp-content\/uploads\/imported-files\/Kelvin.png","type":"","width":"","height":""}],"twitter_card":"summary_large_image","twitter_misc":{"Est. reading time":"5 minutes"},"schema":{"@context":"https:\/\/schema.org","@graph":[{"@type":"WebPage","@id":"https:\/\/endowment.org\/news\/afe-appoints-new-trustees-officers\/","url":"https:\/\/endowment.org\/news\/afe-appoints-new-trustees-officers\/","name":"AFE nombra nuevos fideicomisarios y funcionarios","isPartOf":{"@id":"https:\/\/endowment.org\/#website"},"primaryImageOfPage":{"@id":"https:\/\/endowment.org\/news\/afe-appoints-new-trustees-officers\/#primaryimage"},"image":{"@id":"https:\/\/endowment.org\/news\/afe-appoints-new-trustees-officers\/#primaryimage"},"thumbnailUrl":"https:\/\/endowment.org\/wp-content\/uploads\/imported-files\/Kelvin.png","datePublished":"2023-09-13T18:55:00+00:00","dateModified":"2024-03-15T21:27:50+00:00","description":"AFE anuncia la llegada de nuevos administradores, nuevos funcionarios y la salida de administradores para 2023. AFE anuncia la llegada de nuevos administradores, nuevos funcionarios y la salida de administradores para 2023.","breadcrumb":{"@id":"https:\/\/endowment.org\/news\/afe-appoints-new-trustees-officers\/#breadcrumb"},"inLanguage":"es-ES","potentialAction":[{"@type":"ReadAction","target":["https:\/\/endowment.org\/news\/afe-appoints-new-trustees-officers\/"]}]},{"@type":"ImageObject","inLanguage":"es-ES","@id":"https:\/\/endowment.org\/news\/afe-appoints-new-trustees-officers\/#primaryimage","url":"https:\/\/endowment.org\/wp-content\/uploads\/imported-files\/Kelvin.png","contentUrl":"https:\/\/endowment.org\/wp-content\/uploads\/imported-files\/Kelvin.png"},{"@type":"BreadcrumbList","@id":"https:\/\/endowment.org\/news\/afe-appoints-new-trustees-officers\/#breadcrumb","itemListElement":[{"@type":"ListItem","position":1,"name":"Home","item":"https:\/\/endowment.org\/"},{"@type":"ListItem","position":2,"name":"AFE Appoints New Trustees &#038; Officers"}]},{"@type":"WebSite","@id":"https:\/\/endowment.org\/#website","url":"https:\/\/endowment.org\/","name":"Fundaci\u00f3n Floral Americana","description":"Financiaci\u00f3n del futuro de la floricultura","potentialAction":[{"@type":"SearchAction","target":{"@type":"EntryPoint","urlTemplate":"https:\/\/endowment.org\/?s={search_term_string}"},"query-input":{"@type":"PropertyValueSpecification","valueRequired":true,"valueName":"search_term_string"}}],"inLanguage":"es-ES"}]}},"_links":{"self":[{"href":"https:\/\/endowment.org\/es\/wp-json\/wp\/v2\/news\/1839","targetHints":{"allow":["GET"]}}],"collection":[{"href":"https:\/\/endowment.org\/es\/wp-json\/wp\/v2\/news"}],"about":[{"href":"https:\/\/endowment.org\/es\/wp-json\/wp\/v2\/types\/news"}],"version-history":[{"count":1,"href":"https:\/\/endowment.org\/es\/wp-json\/wp\/v2\/news\/1839\/revisions"}],"predecessor-version":[{"id":2707,"href":"https:\/\/endowment.org\/es\/wp-json\/wp\/v2\/news\/1839\/revisions\/2707"}],"wp:attachment":[{"href":"https:\/\/endowment.org\/es\/wp-json\/wp\/v2\/media?parent=1839"}],"wp:term":[{"taxonomy":"news-categories","embeddable":true,"href":"https:\/\/endowment.org\/es\/wp-json\/wp\/v2\/news-categories?post=1839"}],"curies":[{"name":"bien jugado","href":"https:\/\/api.w.org\/{rel}","templated":true}]}}