{"id":1582,"date":"2018-10-31T14:55:00","date_gmt":"2018-10-31T14:55:00","guid":{"rendered":"https:\/\/afe.epicenter1.com\/news\/gus-de-hertogh-memorial-tribute-established"},"modified":"2024-03-18T22:15:43","modified_gmt":"2024-03-18T22:15:43","slug":"establecido-homenaje-en-memoria-de-gus-de-hertogh","status":"publish","type":"news","link":"https:\/\/endowment.org\/es\/news\/gus-de-hertogh-memorial-tribute-established","title":{"rendered":"Se establece el tributo conmemorativo a Gus De Hertogh"},"content":{"rendered":"<div\n\tid=\"block_c9a851d4d1604be8899b4412d641a0b5\"\n\tclass=\"nmc-block nmc-block--half-half alignfull  half-half   alignfull\">\n\t  <div class=\"bound boundwide\">\n    <div class=\"wrap\">\n      <div class=\"image\">\n                                                \n    <div class=\"img-variable\" style=\"width: 225px; aspect-ratio: 225 \/ 300;\">\n        <img decoding=\"async\" src=\"https:\/\/endowment.org\/wp-content\/uploads\/2018\/10\/DeHertogh_Gus-225x300-1.jpg\" width=\"225\" height=\"300\" alt=\"\" loading=\"lazy\">\n    <\/div>\n          <svg xmlns=\"http:\/\/www.w3.org\/2000\/svg\" width=\"15\" height=\"15\" viewbox=\"0 0 15 15\" fill=\"none\" role=\"img\" aria-hidden=\"true\" focusable=\"false\"><title>externo<\/title>\n<path fill-rule=\"evenodd\" clip-rule=\"evenodd\" d=\"M1.88345 13.1241H13.124V8.24662H15V15H0V0H6.75338V1.87594H1.88345V13.1241ZM8.25152 1.87594V0H14.9974V6.74587H13.1215V3.2041L8.16152 8.16405L6.84082 6.83592L11.7933 1.87594H8.25152Z\" fill=\"white\"\/>\n<\/svg>        \n              <\/div>\n      <div class=\"content\">\n                <div class=\"text\"><p>Un tributo conmemorativo ha sido establecido por miembros de la junta actual de la AFE en honor a August (Gus) De Hertogh, Ph. D., quien falleci\u00f3 el 26 de octubre de 2018 a la edad de 83 a\u00f1os.<\/p>\n<p><strong>Puedes ver la Celebraci\u00f3n de la Vida de Gus\u00a0<a href=\"https:\/\/www.youtube.com\/watch?v=SS85lCQrTB4\" target=\"_blank\" rel=\"noopener noreferrer\">Aqu\u00ed.<\/a><\/strong><\/p>\n<p>El Dr. De Hertogh fue un investigador y experto en la industria de renombre internacional, espec\u00edficamente por revolucionar el forzado de bulbos como plantas en maceta a escala mundial. Se desempe\u00f1\u00f3 como el primer Coordinador de Investigaci\u00f3n de la AFE de 1999 a 2014.<\/p>\n<p>\u201cLas contribuciones de Gus a la industria de los bulbos nunca ser\u00e1n olvidadas. \u00c9l guio el trabajo tanto de estudiantes como de profesores y comparti\u00f3 sus conocimientos y experiencia desinteresadamente con la industria floral a lo largo de su vida, dijo Terril Nell, Ph. D., actual coordinador de investigaci\u00f3n de AFE.<\/p>\n<\/div>\n        <div class=\"buttons\">\n                            <\/div>\n        \n      <\/div>\n    <\/div>\n  <\/div>\n<\/div>\n\n\n<p class=\"wp-block-paragraph\">Gus creci\u00f3 en Chicago y comenz\u00f3 su carrera en el vecino estado de M\u00edchigan, en la Universidad Estatal de M\u00edchigan, en 1965. Aqu\u00ed trabaj\u00f3 con exportadores holandeses para abordar los desaf\u00edos relacionados con los bulbos de flores. En ese momento, a\u00fan no era posible controlar eficazmente la floraci\u00f3n de los tulipanes u otros bulbos tras el env\u00edo transoce\u00e1nico desde los Pa\u00edses Bajos, el mayor productor del mundo. Pusieron en marcha lo que se conoce como el Proyecto de Bulbos de Flores, un esfuerzo de colaboraci\u00f3n entre la Asociaci\u00f3n de Exportadores de Bulbos de los Pa\u00edses Bajos y el Departamento de Horticultura de la Universidad Estatal de M\u00edchigan. Durante los siguientes 35 a\u00f1os, continuar\u00eda investigando sobre los bulbos de flores.<\/p>\n\n\n\n<p class=\"wp-block-paragraph\">En 1978, Gus se mud\u00f3 a Raleigh, Carolina del Norte, donde fungir\u00eda como director del Departamento de Horticultura de la Universidad Estatal de Carolina del Norte durante los siguientes 10 a\u00f1os. Todo este tiempo, continu\u00f3 con su investigaci\u00f3n sobre bulbos de flores. A lo largo de su trayectoria en la industria, public\u00f3 numerosos trabajos, incluidos seis libros, 10 cap\u00edtulos de libros, 50 art\u00edculos de divulgaci\u00f3n, 44 publicaciones de investigaci\u00f3n arbitrales, 19 simposios y art\u00edculos de investigaci\u00f3n, 28 publicaciones de extensi\u00f3n, adem\u00e1s de la redacci\u00f3n e investigaci\u00f3n adicionales que realiz\u00f3 para sus t\u00edtulos de maestr\u00eda y doctorado. Esta lista incluye la Gu\u00eda de forzadores de bulbos de Holanda (Holland Bulb Forcers Guide), que se considera la \u201cbiblia\u201d para los productores y forzadores de bulbos.<\/p>\n\n\n\n<figure class=\"wp-block-image size-full\"><img loading=\"lazy\" decoding=\"async\" width=\"300\" height=\"225\" src=\"https:\/\/endowment.org\/wp-content\/uploads\/2018\/10\/IMG_3165-300x225-1.jpg\" alt=\"\" class=\"wp-image-9573\"\/><\/figure>\n\n\n\n<p class=\"wp-block-paragraph\">Como Coordinador de Investigaci\u00f3n en AFE, Gus ayud\u00f3 a establecer y supervisar el proceso de revisi\u00f3n de propuestas de investigaci\u00f3n m\u00e1s exhaustivo de la industria. El proceso de revisi\u00f3n de cuatro pasos garantiza que los proyectos financiados por AFE sean relevantes para la industria de la floricultura, tengan la m\u00e1s alta prioridad, sean dirigidos por los cient\u00edficos l\u00edderes en su campo, sean fiscalmente responsables y cumplan o superen las expectativas de AFE.<\/p>\n\n\n\n<p class=\"wp-block-paragraph\">\u201cFormar parte del Comit\u00e9 de Investigaci\u00f3n de la AFE me puso en contacto directo con Gus. Todo lo que puedo decir es que tuvimos mucha suerte de contar con \u00e9l. La gran experiencia de Gus, tanto como investigador y como jefe de departamento (en la NCSU), significaba que sab\u00eda c\u00f3mo hacer investigaci\u00f3n y c\u00f3mo trabajar con otros investigadores, y pudo asesorar al Comit\u00e9 de Investigaci\u00f3n sobre qu\u00e9 esperar desde ambas perspectivas\u201d, dijo Marvin Miller, doctor, miembro del patronato de la AFE y gerente de investigaci\u00f3n de mercados en Ball Horticultural Company.<\/p>\n\n\n<div\n\tid=\"block_6014ff8eae6ddcdb9ba480048fb9fc92\"\n\tclass=\"nmc-block nmc-block--half-half alignfull  half-half   alignfull\">\n\t  <div class=\"bound boundwide\">\n    <div class=\"wrap -flipped\">\n      <div class=\"image\">\n                                                \n    <div class=\"img-variable\" style=\"width: 300px; aspect-ratio: 300 \/ 225;\">\n        <img decoding=\"async\" src=\"https:\/\/endowment.org\/wp-content\/uploads\/2018\/10\/Monte-Carlo-to-Ft.-Lauderdale-2007-244-300x225-1.jpg\" width=\"300\" height=\"225\" alt=\"\" loading=\"lazy\">\n    <\/div>\n          <svg xmlns=\"http:\/\/www.w3.org\/2000\/svg\" width=\"15\" height=\"15\" viewbox=\"0 0 15 15\" fill=\"none\" role=\"img\" aria-hidden=\"true\" focusable=\"false\"><title>externo<\/title>\n<path fill-rule=\"evenodd\" clip-rule=\"evenodd\" d=\"M1.88345 13.1241H13.124V8.24662H15V15H0V0H6.75338V1.87594H1.88345V13.1241ZM8.25152 1.87594V0H14.9974V6.74587H13.1215V3.2041L8.16152 8.16405L6.84082 6.83592L11.7933 1.87594H8.25152Z\" fill=\"white\"\/>\n<\/svg>        \n              <\/div>\n      <div class=\"content\">\n                <div class=\"text\"><p>A lo largo de su carrera, Gus recibi\u00f3 numerosos reconocimientos notables por su trabajo en la industria. Estos incluyen el t\u00edtulo de Miembro de la Sociedad Americana de Ciencias Hort\u00edcolas; la Medalla de Honor del Ministerio de Agricultura y Pesca de los Pa\u00edses Bajos; el Premio del Sal\u00f3n de la Fama de la Floricultura y el Premio de Investigaci\u00f3n y Educaci\u00f3n Alex Laurie de la Sociedad de Floristas Estadounidenses; la Medalla de Oro Nicolaas Dames, Pa\u00edses Bajos; el Premio a la Ense\u00f1anza de la Sociedad Americana de Horticultura; el Premio al Innovador de la Universidad Estatal de Carolina del Norte; el Premio del Pin de Oro de la Asociaci\u00f3n de Exportadores de Bulbos Neerlandeses; la Medalla Herbert de la Sociedad Internacional de Bulbos de Pasadena, California; y la denominaci\u00f3n de un cultivar de jacinto en su honor. La industria del bulbo le otorg\u00f3 su m\u00e1ximo honor, el Premio Tulip\u00e1n de Plata.<\/p>\n<p><strong>Quienes lo conocen usan la palabra \u201cicono\u201d para describir su impacto en la industria floral.<\/strong><\/p>\n<p>A Gus le sobreviven su esposa Mary Belle, sus hijos Mark, Michelle, Jennifer, Mary Moore, Susan, Jay; sus nietos Mark, Lori Beth, Drew, Patrick, Aaron, Claire, Addison y su bisnieta Caroline.<\/p>\n<\/div>\n        <div class=\"buttons\">\n                      <a href=\"https:\/\/endowment.networkforgood.com\/projects\/71074-donate-to-afe\" target=\"_blank\" class=\"btn\">Haz una contribuci\u00f3n<\/a>\n                                <a href=\"https:\/\/e1.nmcdn.io\/assets\/afe\/wp-content\/uploads\/2018\/10\/Updated_Gus-De-Hertogh-Form.pdf\" target=\"_blank\" class=\"add-link\">Enviar un cheque <svg xmlns=\"http:\/\/www.w3.org\/2000\/svg\" width=\"19\" height=\"15\" viewbox=\"0 0 19 15\" fill=\"none\" role=\"img\" aria-hidden=\"true\" focusable=\"false\">\n\t<title>flecha<\/title>\n    <path fill-rule=\"evenodd\" clip-rule=\"evenodd\" d=\"M10.2719 13.0367L11.7271 14.5L18.6874 7.50003L11.7271 0.5L10.2719 1.96327L14.7395 6.45489H0.3125V8.54402H14.7406L10.2719 13.0367Z\" fill=\"#ECF5E8\"\/>\n<\/svg><\/a>\n                  <\/div>\n        \n      <\/div>\n    <\/div>\n  <\/div>\n<\/div>\n\n\n<p class=\"wp-block-paragraph\"><strong>Los cheques se pueden enviar a:<\/strong><br><strong>Fundaci\u00f3n Floral Americana<br>c\/o Homenaje Memorial Gus De Hertogh<br>610 Madison Street, Ste 101, PMB 803<br>Alexandria, VA 22314<\/strong><br><strong>* Esperamos recaudar $50 000 para crear un fondo de becas anual que lleve el nombre de Gus, en su honor.<\/strong><\/p>\n\n\n\n<p class=\"wp-block-paragraph\"><em>Siempre se notifica a la familia sobre las donaciones y se pueden hacer contribuciones de cualquier monto.<\/em><\/p>","protected":false},"template":"","news-categories":[32,31,48,29],"class_list":["post-1582","news","type-news","status-publish","hentry","news-categories-donors","news-categories-latest-news","news-categories-memorials","news-categories-news"],"acf":[],"yoast_head":"<!-- This site is optimized with the Yoast SEO plugin v28.4 - https:\/\/yoast.com\/product\/yoast-seo-wordpress\/ -->\n<title>Gus De Hertogh Memorial Tribute Established<\/title>\n<meta name=\"description\" content=\"A memorial tribute has been established by members of the current AFE board honoring August (Gus) De Hertogh, Ph. D., who passed away October 26, 2018...A memorial tribute has been established by members of the current AFE board honoring August (Gus) De Hertogh, Ph. D., who passed away October 26, 2018...\" \/>\n<meta name=\"robots\" content=\"index, follow, max-snippet:-1, max-image-preview:large, max-video-preview:-1\" \/>\n<link rel=\"canonical\" href=\"https:\/\/endowment.org\/es\/noticias\/establecido-homenaje-en-memoria-de-gus-de-hertogh\/\" \/>\n<meta property=\"og:locale\" content=\"es_ES\" \/>\n<meta property=\"og:type\" content=\"article\" \/>\n<meta property=\"og:title\" content=\"Gus De Hertogh Memorial Tribute Established\" \/>\n<meta property=\"og:description\" content=\"A memorial tribute has been established by members of the current AFE board honoring August (Gus) De Hertogh, Ph. D., who passed away October 26, 2018...A memorial tribute has been established by members of the current AFE board honoring August (Gus) De Hertogh, Ph. D., who passed away October 26, 2018...\" \/>\n<meta property=\"og:url\" content=\"https:\/\/endowment.org\/es\/noticias\/establecido-homenaje-en-memoria-de-gus-de-hertogh\/\" \/>\n<meta property=\"og:site_name\" content=\"American Floral Endowment\" \/>\n<meta property=\"article:modified_time\" content=\"2024-03-18T22:15:43+00:00\" \/>\n<meta property=\"og:image\" content=\"https:\/\/endowment.org\/wp-content\/uploads\/2018\/10\/IMG_3165-300x225-1.jpg\" \/>\n<meta name=\"twitter:card\" content=\"summary_large_image\" \/>\n<meta name=\"twitter:label1\" content=\"Est. reading time\" \/>\n\t<meta name=\"twitter:data1\" content=\"2 minutes\" \/>\n<script type=\"application\/ld+json\" class=\"yoast-schema-graph\">{\"@context\":\"https:\\\/\\\/schema.org\",\"@graph\":[{\"@type\":\"WebPage\",\"@id\":\"https:\\\/\\\/endowment.org\\\/news\\\/gus-de-hertogh-memorial-tribute-established\\\/\",\"url\":\"https:\\\/\\\/endowment.org\\\/news\\\/gus-de-hertogh-memorial-tribute-established\\\/\",\"name\":\"Gus De Hertogh Memorial Tribute Established\",\"isPartOf\":{\"@id\":\"https:\\\/\\\/endowment.org\\\/#website\"},\"primaryImageOfPage\":{\"@id\":\"https:\\\/\\\/endowment.org\\\/news\\\/gus-de-hertogh-memorial-tribute-established\\\/#primaryimage\"},\"image\":{\"@id\":\"https:\\\/\\\/endowment.org\\\/news\\\/gus-de-hertogh-memorial-tribute-established\\\/#primaryimage\"},\"thumbnailUrl\":\"https:\\\/\\\/endowment.org\\\/wp-content\\\/uploads\\\/2018\\\/10\\\/IMG_3165-300x225-1.jpg\",\"datePublished\":\"2018-10-31T14:55:00+00:00\",\"dateModified\":\"2024-03-18T22:15:43+00:00\",\"description\":\"A memorial tribute has been established by members of the current AFE board honoring August (Gus) De Hertogh, Ph. D., who passed away October 26, 2018...A memorial tribute has been established by members of the current AFE board honoring August (Gus) De Hertogh, Ph. D., who passed away October 26, 2018...\",\"breadcrumb\":{\"@id\":\"https:\\\/\\\/endowment.org\\\/news\\\/gus-de-hertogh-memorial-tribute-established\\\/#breadcrumb\"},\"inLanguage\":\"es-ES\",\"potentialAction\":[{\"@type\":\"ReadAction\",\"target\":[\"https:\\\/\\\/endowment.org\\\/news\\\/gus-de-hertogh-memorial-tribute-established\\\/\"]}]},{\"@type\":\"ImageObject\",\"inLanguage\":\"es-ES\",\"@id\":\"https:\\\/\\\/endowment.org\\\/news\\\/gus-de-hertogh-memorial-tribute-established\\\/#primaryimage\",\"url\":\"https:\\\/\\\/endowment.org\\\/wp-content\\\/uploads\\\/2018\\\/10\\\/IMG_3165-300x225-1.jpg\",\"contentUrl\":\"https:\\\/\\\/endowment.org\\\/wp-content\\\/uploads\\\/2018\\\/10\\\/IMG_3165-300x225-1.jpg\"},{\"@type\":\"BreadcrumbList\",\"@id\":\"https:\\\/\\\/endowment.org\\\/news\\\/gus-de-hertogh-memorial-tribute-established\\\/#breadcrumb\",\"itemListElement\":[{\"@type\":\"ListItem\",\"position\":1,\"name\":\"Home\",\"item\":\"https:\\\/\\\/endowment.org\\\/\"},{\"@type\":\"ListItem\",\"position\":2,\"name\":\"Gus De Hertogh Memorial Tribute Established\"}]},{\"@type\":\"WebSite\",\"@id\":\"https:\\\/\\\/endowment.org\\\/#website\",\"url\":\"https:\\\/\\\/endowment.org\\\/\",\"name\":\"American Floral Endowment\",\"description\":\"Funding the Future of Floriculture\",\"potentialAction\":[{\"@type\":\"SearchAction\",\"target\":{\"@type\":\"EntryPoint\",\"urlTemplate\":\"https:\\\/\\\/endowment.org\\\/?s={search_term_string}\"},\"query-input\":{\"@type\":\"PropertyValueSpecification\",\"valueRequired\":true,\"valueName\":\"search_term_string\"}}],\"inLanguage\":\"es-ES\"}]}<\/script>\n<!-- \/ Yoast SEO plugin. -->","yoast_head_json":{"title":"Se establece el tributo conmemorativo a Gus De Hertogh","description":"Los miembros de la junta directiva actual de la AFE han establecido un homenaje p\u00f3stumo en honor al Dr. August (Gus) De Hertogh, fallecido el 26 de octubre de 2018... Los miembros de la junta directiva actual de la AFE han establecido un homenaje p\u00f3stumo en honor al Dr. August (Gus) De Hertogh, fallecido el 26 de octubre de 2018...","robots":{"index":"index","follow":"follow","max-snippet":"max-snippet:-1","max-image-preview":"max-image-preview:large","max-video-preview":"max-video-preview:-1"},"canonical":"https:\/\/endowment.org\/es\/noticias\/establecido-homenaje-en-memoria-de-gus-de-hertogh\/","og_locale":"es_ES","og_type":"article","og_title":"Gus De Hertogh Memorial Tribute Established","og_description":"A memorial tribute has been established by members of the current AFE board honoring August (Gus) De Hertogh, Ph. D., who passed away October 26, 2018...A memorial tribute has been established by members of the current AFE board honoring August (Gus) De Hertogh, Ph. D., who passed away October 26, 2018...","og_url":"https:\/\/endowment.org\/es\/noticias\/establecido-homenaje-en-memoria-de-gus-de-hertogh\/","og_site_name":"American Floral Endowment","article_modified_time":"2024-03-18T22:15:43+00:00","og_image":[{"url":"https:\/\/endowment.org\/wp-content\/uploads\/2018\/10\/IMG_3165-300x225-1.jpg","type":"","width":"","height":""}],"twitter_card":"summary_large_image","twitter_misc":{"Est. reading time":"2 minutes"},"schema":{"@context":"https:\/\/schema.org","@graph":[{"@type":"WebPage","@id":"https:\/\/endowment.org\/news\/gus-de-hertogh-memorial-tribute-established\/","url":"https:\/\/endowment.org\/news\/gus-de-hertogh-memorial-tribute-established\/","name":"Se establece el tributo conmemorativo a Gus De Hertogh","isPartOf":{"@id":"https:\/\/endowment.org\/#website"},"primaryImageOfPage":{"@id":"https:\/\/endowment.org\/news\/gus-de-hertogh-memorial-tribute-established\/#primaryimage"},"image":{"@id":"https:\/\/endowment.org\/news\/gus-de-hertogh-memorial-tribute-established\/#primaryimage"},"thumbnailUrl":"https:\/\/endowment.org\/wp-content\/uploads\/2018\/10\/IMG_3165-300x225-1.jpg","datePublished":"2018-10-31T14:55:00+00:00","dateModified":"2024-03-18T22:15:43+00:00","description":"Los miembros de la junta directiva actual de la AFE han establecido un homenaje p\u00f3stumo en honor al Dr. August (Gus) De Hertogh, fallecido el 26 de octubre de 2018... Los miembros de la junta directiva actual de la AFE han establecido un homenaje p\u00f3stumo en honor al Dr. August (Gus) De Hertogh, fallecido el 26 de octubre de 2018...","breadcrumb":{"@id":"https:\/\/endowment.org\/news\/gus-de-hertogh-memorial-tribute-established\/#breadcrumb"},"inLanguage":"es-ES","potentialAction":[{"@type":"ReadAction","target":["https:\/\/endowment.org\/news\/gus-de-hertogh-memorial-tribute-established\/"]}]},{"@type":"ImageObject","inLanguage":"es-ES","@id":"https:\/\/endowment.org\/news\/gus-de-hertogh-memorial-tribute-established\/#primaryimage","url":"https:\/\/endowment.org\/wp-content\/uploads\/2018\/10\/IMG_3165-300x225-1.jpg","contentUrl":"https:\/\/endowment.org\/wp-content\/uploads\/2018\/10\/IMG_3165-300x225-1.jpg"},{"@type":"BreadcrumbList","@id":"https:\/\/endowment.org\/news\/gus-de-hertogh-memorial-tribute-established\/#breadcrumb","itemListElement":[{"@type":"ListItem","position":1,"name":"Home","item":"https:\/\/endowment.org\/"},{"@type":"ListItem","position":2,"name":"Gus De Hertogh Memorial Tribute Established"}]},{"@type":"WebSite","@id":"https:\/\/endowment.org\/#website","url":"https:\/\/endowment.org\/","name":"Fundaci\u00f3n Floral Americana","description":"Financiaci\u00f3n del futuro de la floricultura","potentialAction":[{"@type":"SearchAction","target":{"@type":"EntryPoint","urlTemplate":"https:\/\/endowment.org\/?s={search_term_string}"},"query-input":{"@type":"PropertyValueSpecification","valueRequired":true,"valueName":"search_term_string"}}],"inLanguage":"es-ES"}]}},"_links":{"self":[{"href":"https:\/\/endowment.org\/es\/wp-json\/wp\/v2\/news\/1582","targetHints":{"allow":["GET"]}}],"collection":[{"href":"https:\/\/endowment.org\/es\/wp-json\/wp\/v2\/news"}],"about":[{"href":"https:\/\/endowment.org\/es\/wp-json\/wp\/v2\/types\/news"}],"version-history":[{"count":2,"href":"https:\/\/endowment.org\/es\/wp-json\/wp\/v2\/news\/1582\/revisions"}],"predecessor-version":[{"id":9578,"href":"https:\/\/endowment.org\/es\/wp-json\/wp\/v2\/news\/1582\/revisions\/9578"}],"wp:attachment":[{"href":"https:\/\/endowment.org\/es\/wp-json\/wp\/v2\/media?parent=1582"}],"wp:term":[{"taxonomy":"news-categories","embeddable":true,"href":"https:\/\/endowment.org\/es\/wp-json\/wp\/v2\/news-categories?post=1582"}],"curies":[{"name":"bien jugado","href":"https:\/\/api.w.org\/{rel}","templated":true}]}}