{"id":1385,"date":"2019-09-04T22:52:00","date_gmt":"2019-09-04T22:52:00","guid":{"rendered":"https:\/\/afe.epicenter1.com\/news\/michael-kraft-memorial-tribute-established"},"modified":"2024-03-18T22:16:09","modified_gmt":"2024-03-18T22:16:09","slug":"establecido-el-homenaje-en-memoria-de-michael-kraft","status":"publish","type":"news","link":"https:\/\/endowment.org\/es\/news\/michael-kraft-memorial-tribute-established","title":{"rendered":"Establecido el Homenaje Conmemorativo de Michael Kraft"},"content":{"rendered":"<div\n\tid=\"block_14d3748db0f569684c093bede7497624\"\n\tclass=\"nmc-block nmc-block--half-half alignfull  half-half   alignfull\">\n\t  <div class=\"bound boundwide\">\n    <div class=\"wrap\">\n      <div class=\"image\">\n                                                \n    <div class=\"img-variable\" style=\"width: 200px; aspect-ratio: 200 \/ 300;\">\n        <img decoding=\"async\" src=\"https:\/\/endowment.org\/wp-content\/uploads\/2019\/09\/NanzKraft25-200x300-1.jpg\" width=\"200\" height=\"300\" alt=\"\" loading=\"lazy\">\n    <\/div>\n          <svg xmlns=\"http:\/\/www.w3.org\/2000\/svg\" width=\"15\" height=\"15\" viewbox=\"0 0 15 15\" fill=\"none\" role=\"img\" aria-hidden=\"true\" focusable=\"false\"><title>externo<\/title>\n<path fill-rule=\"evenodd\" clip-rule=\"evenodd\" d=\"M1.88345 13.1241H13.124V8.24662H15V15H0V0H6.75338V1.87594H1.88345V13.1241ZM8.25152 1.87594V0H14.9974V6.74587H13.1215V3.2041L8.16152 8.16405L6.84082 6.83592L11.7933 1.87594H8.25152Z\" fill=\"white\"\/>\n<\/svg>        \n              <\/div>\n      <div class=\"content\">\n                <div class=\"text\"><p>El Next Level Florist Group ha establecido un tributo conmemorativo en honor a Michael Kraft, quien falleci\u00f3 el 25 de abril de 2019 a la edad de 52 a\u00f1os. Michael falleci\u00f3 pac\u00edficamente en su hogar tras una batalla de ocho a\u00f1os contra el c\u00e1ncer.<\/p>\n<p>Michael fue un miembro muy querido de la industria floral desde los 22 a\u00f1os, cuando se uni\u00f3 al negocio familiar. Junto a sus dos hermanos, durante m\u00e1s de 30 a\u00f1os, fue copropietario de Nanz &amp; Kraft Florists en Louisville, Kentucky, fundada en 1850.<\/p>\n<p>Adem\u00e1s de comprar tantas flores y plantas como hab\u00eda disponibles en granjas locales de Kentucky e Indiana, Michael viaj\u00f3 desde Sudam\u00e9rica hasta California para establecer relaciones con los cultivadores y conseguir las flores m\u00e1s frescas para sus clientes. Con el objetivo de mejorar siempre Nanz &amp; Kraft, viajaba de 2 a 3 veces al a\u00f1o a reuniones de grupos de colegas, aprendiendo lo que otras florister\u00edas hac\u00edan mejor y trayendo esas ideas a casa. Este af\u00e1n por aprender tambi\u00e9n se demostr\u00f3 durante su etapa como presidente de la Asociaci\u00f3n de Comerciantes de St. Matthews.<\/p>\n<\/div>\n        <div class=\"buttons\">\n                            <\/div>\n        \n      <\/div>\n    <\/div>\n  <\/div>\n<\/div>\n\n\n<p class=\"wp-block-paragraph\">Michael se cas\u00f3 con su esposa Allison en 1989 y juntos tuvieron dos hijas, Shelby y Lindsey. Le encantaba viajar con su familia, cocinar, estar con amigos, esquiar en Colorado y apoyar a la Universidad de Kentucky (su alma mater) y a la Universidad de Louisville.<\/p>\n\n\n<div\n\tid=\"block_b99b010581b08dcb3886a589e3ba25ae\"\n\tclass=\"nmc-block nmc-block--half-half alignfull  half-half   alignfull\">\n\t  <div class=\"bound boundwide\">\n    <div class=\"wrap -flipped\">\n      <div class=\"image\">\n                                                \n    <div class=\"img-variable\" style=\"width: 200px; aspect-ratio: 200 \/ 300;\">\n        <img decoding=\"async\" src=\"https:\/\/endowment.org\/wp-content\/uploads\/2019\/09\/NanzKraft33-200x300-1.jpg\" width=\"200\" height=\"300\" alt=\"\" loading=\"lazy\">\n    <\/div>\n          <svg xmlns=\"http:\/\/www.w3.org\/2000\/svg\" width=\"15\" height=\"15\" viewbox=\"0 0 15 15\" fill=\"none\" role=\"img\" aria-hidden=\"true\" focusable=\"false\"><title>externo<\/title>\n<path fill-rule=\"evenodd\" clip-rule=\"evenodd\" d=\"M1.88345 13.1241H13.124V8.24662H15V15H0V0H6.75338V1.87594H1.88345V13.1241ZM8.25152 1.87594V0H14.9974V6.74587H13.1215V3.2041L8.16152 8.16405L6.84082 6.83592L11.7933 1.87594H8.25152Z\" fill=\"white\"\/>\n<\/svg>        \n              <\/div>\n      <div class=\"content\">\n                <div class=\"text\"><p>\u201cMichael era tan positivo e inspirador que las personas y las familias afectadas por el c\u00e1ncer comenzaron a aparecer en Nanz &amp; Kraft buscando su positivismo, motivaci\u00f3n y liderazgo para luchar\u201d, dijo su hermano, David. \u201cNo hab\u00eda nada que pudiera apagar su \u00e1nimo o convencerlo de que la vida no era m\u00e1s que algo hermoso para salir a experimentar. \u00c9l era un faro para su familia, su negocio y la comunidad\u201d.\u201d<\/p>\n<p>A Michael le sobreviven su esposa, Allison Anderson Kraft, y sus hijas Shelby Kraft Hyman (Alex) y Lindsey Kraft. Tambi\u00e9n le sobreviven sus padres Carol y Ramsey Kraft, sus hermanos Eddie (Sharon) Kraft y David (Susan) Kraft, as\u00ed como sus suegros Brenda y John Anderson, y sus sobrinas y sobrinos.<\/p>\n<\/div>\n        <div class=\"buttons\">\n                      <a href=\"https:\/\/endowment.networkforgood.com\/projects\/71074-donate-to-afe\" target=\"_blank\" class=\"btn\">Haz una contribuci\u00f3n<\/a>\n                            <\/div>\n        \n      <\/div>\n    <\/div>\n  <\/div>\n<\/div>\n\n\n<p class=\"wp-block-paragraph\"><strong>o env\u00ede un cheque a:<br>Fundaci\u00f3n Floral Americana<\/strong><br><strong>c\/o Homenaje Memorial de Michael Kraft<\/strong><br><strong>610 Madison St, Ste 101, PMB 803<\/strong><br><strong>Alexandria, VA 22314<\/strong><\/p>\n\n\n\n<p class=\"wp-block-paragraph\"><em>Siempre se notifica a la familia sobre las donaciones y se pueden hacer contribuciones de cualquier monto.<\/em><\/p>","protected":false},"template":"","news-categories":[31,48,29],"class_list":["post-1385","news","type-news","status-publish","hentry","news-categories-latest-news","news-categories-memorials","news-categories-news"],"acf":[],"yoast_head":"<!-- This site is optimized with the Yoast SEO plugin v28.4 - https:\/\/yoast.com\/product\/yoast-seo-wordpress\/ -->\n<title>Michael Kraft Memorial Tribute Established<\/title>\n<meta name=\"description\" content=\"A memorial tribute has been established by the Next Level Florist Group to honor Michael Kraft who passed away April 25, 2019, at the age of 52.A memorial tribute has been established by the Next Level Florist Group to honor Michael Kraft who passed away April 25, 2019, at the age of 52.\" \/>\n<meta name=\"robots\" content=\"index, follow, max-snippet:-1, max-image-preview:large, max-video-preview:-1\" \/>\n<link rel=\"canonical\" href=\"https:\/\/endowment.org\/es\/noticias\/establecido-el-homenaje-en-memoria-de-michael-kraft\/\" \/>\n<meta property=\"og:locale\" content=\"es_ES\" \/>\n<meta property=\"og:type\" content=\"article\" \/>\n<meta property=\"og:title\" content=\"Michael Kraft Memorial Tribute Established\" \/>\n<meta property=\"og:description\" content=\"A memorial tribute has been established by the Next Level Florist Group to honor Michael Kraft who passed away April 25, 2019, at the age of 52.A memorial tribute has been established by the Next Level Florist Group to honor Michael Kraft who passed away April 25, 2019, at the age of 52.\" \/>\n<meta property=\"og:url\" content=\"https:\/\/endowment.org\/es\/noticias\/establecido-el-homenaje-en-memoria-de-michael-kraft\/\" \/>\n<meta property=\"og:site_name\" content=\"American Floral Endowment\" \/>\n<meta property=\"article:modified_time\" content=\"2024-03-18T22:16:09+00:00\" \/>\n<meta name=\"twitter:card\" content=\"summary_large_image\" \/>\n<script type=\"application\/ld+json\" class=\"yoast-schema-graph\">{\"@context\":\"https:\\\/\\\/schema.org\",\"@graph\":[{\"@type\":\"WebPage\",\"@id\":\"https:\\\/\\\/endowment.org\\\/news\\\/michael-kraft-memorial-tribute-established\\\/\",\"url\":\"https:\\\/\\\/endowment.org\\\/news\\\/michael-kraft-memorial-tribute-established\\\/\",\"name\":\"Michael Kraft Memorial Tribute Established\",\"isPartOf\":{\"@id\":\"https:\\\/\\\/endowment.org\\\/#website\"},\"datePublished\":\"2019-09-04T22:52:00+00:00\",\"dateModified\":\"2024-03-18T22:16:09+00:00\",\"description\":\"A memorial tribute has been established by the Next Level Florist Group to honor Michael Kraft who passed away April 25, 2019, at the age of 52.A memorial tribute has been established by the Next Level Florist Group to honor Michael Kraft who passed away April 25, 2019, at the age of 52.\",\"breadcrumb\":{\"@id\":\"https:\\\/\\\/endowment.org\\\/news\\\/michael-kraft-memorial-tribute-established\\\/#breadcrumb\"},\"inLanguage\":\"es-ES\",\"potentialAction\":[{\"@type\":\"ReadAction\",\"target\":[\"https:\\\/\\\/endowment.org\\\/news\\\/michael-kraft-memorial-tribute-established\\\/\"]}]},{\"@type\":\"BreadcrumbList\",\"@id\":\"https:\\\/\\\/endowment.org\\\/news\\\/michael-kraft-memorial-tribute-established\\\/#breadcrumb\",\"itemListElement\":[{\"@type\":\"ListItem\",\"position\":1,\"name\":\"Home\",\"item\":\"https:\\\/\\\/endowment.org\\\/\"},{\"@type\":\"ListItem\",\"position\":2,\"name\":\"Michael Kraft Memorial Tribute Established\"}]},{\"@type\":\"WebSite\",\"@id\":\"https:\\\/\\\/endowment.org\\\/#website\",\"url\":\"https:\\\/\\\/endowment.org\\\/\",\"name\":\"American Floral Endowment\",\"description\":\"Funding the Future of Floriculture\",\"potentialAction\":[{\"@type\":\"SearchAction\",\"target\":{\"@type\":\"EntryPoint\",\"urlTemplate\":\"https:\\\/\\\/endowment.org\\\/?s={search_term_string}\"},\"query-input\":{\"@type\":\"PropertyValueSpecification\",\"valueRequired\":true,\"valueName\":\"search_term_string\"}}],\"inLanguage\":\"es-ES\"}]}<\/script>\n<!-- \/ Yoast SEO plugin. -->","yoast_head_json":{"title":"Establecido el Homenaje Conmemorativo de Michael Kraft","description":"El Next Level Florist Group ha establecido un tributo conmemorativo en honor a Michael Kraft, fallecido el 25 de abril de 2019 a la edad de 52 a\u00f1os.","robots":{"index":"index","follow":"follow","max-snippet":"max-snippet:-1","max-image-preview":"max-image-preview:large","max-video-preview":"max-video-preview:-1"},"canonical":"https:\/\/endowment.org\/es\/noticias\/establecido-el-homenaje-en-memoria-de-michael-kraft\/","og_locale":"es_ES","og_type":"article","og_title":"Michael Kraft Memorial Tribute Established","og_description":"A memorial tribute has been established by the Next Level Florist Group to honor Michael Kraft who passed away April 25, 2019, at the age of 52.A memorial tribute has been established by the Next Level Florist Group to honor Michael Kraft who passed away April 25, 2019, at the age of 52.","og_url":"https:\/\/endowment.org\/es\/noticias\/establecido-el-homenaje-en-memoria-de-michael-kraft\/","og_site_name":"American Floral Endowment","article_modified_time":"2024-03-18T22:16:09+00:00","twitter_card":"summary_large_image","schema":{"@context":"https:\/\/schema.org","@graph":[{"@type":"WebPage","@id":"https:\/\/endowment.org\/news\/michael-kraft-memorial-tribute-established\/","url":"https:\/\/endowment.org\/news\/michael-kraft-memorial-tribute-established\/","name":"Establecido el Homenaje Conmemorativo de Michael Kraft","isPartOf":{"@id":"https:\/\/endowment.org\/#website"},"datePublished":"2019-09-04T22:52:00+00:00","dateModified":"2024-03-18T22:16:09+00:00","description":"El Next Level Florist Group ha establecido un tributo conmemorativo en honor a Michael Kraft, fallecido el 25 de abril de 2019 a la edad de 52 a\u00f1os.","breadcrumb":{"@id":"https:\/\/endowment.org\/news\/michael-kraft-memorial-tribute-established\/#breadcrumb"},"inLanguage":"es-ES","potentialAction":[{"@type":"ReadAction","target":["https:\/\/endowment.org\/news\/michael-kraft-memorial-tribute-established\/"]}]},{"@type":"BreadcrumbList","@id":"https:\/\/endowment.org\/news\/michael-kraft-memorial-tribute-established\/#breadcrumb","itemListElement":[{"@type":"ListItem","position":1,"name":"Home","item":"https:\/\/endowment.org\/"},{"@type":"ListItem","position":2,"name":"Michael Kraft Memorial Tribute Established"}]},{"@type":"WebSite","@id":"https:\/\/endowment.org\/#website","url":"https:\/\/endowment.org\/","name":"Fundaci\u00f3n Floral Americana","description":"Financiaci\u00f3n del futuro de la floricultura","potentialAction":[{"@type":"SearchAction","target":{"@type":"EntryPoint","urlTemplate":"https:\/\/endowment.org\/?s={search_term_string}"},"query-input":{"@type":"PropertyValueSpecification","valueRequired":true,"valueName":"search_term_string"}}],"inLanguage":"es-ES"}]}},"_links":{"self":[{"href":"https:\/\/endowment.org\/es\/wp-json\/wp\/v2\/news\/1385","targetHints":{"allow":["GET"]}}],"collection":[{"href":"https:\/\/endowment.org\/es\/wp-json\/wp\/v2\/news"}],"about":[{"href":"https:\/\/endowment.org\/es\/wp-json\/wp\/v2\/types\/news"}],"version-history":[{"count":4,"href":"https:\/\/endowment.org\/es\/wp-json\/wp\/v2\/news\/1385\/revisions"}],"predecessor-version":[{"id":9626,"href":"https:\/\/endowment.org\/es\/wp-json\/wp\/v2\/news\/1385\/revisions\/9626"}],"wp:attachment":[{"href":"https:\/\/endowment.org\/es\/wp-json\/wp\/v2\/media?parent=1385"}],"wp:term":[{"taxonomy":"news-categories","embeddable":true,"href":"https:\/\/endowment.org\/es\/wp-json\/wp\/v2\/news-categories?post=1385"}],"curies":[{"name":"bien jugado","href":"https:\/\/api.w.org\/{rel}","templated":true}]}}